{"id":20725,"global_id":"www.kapitol-gryfice.pl\/en\/?id=20725","global_id_lineage":["www.kapitol-gryfice.pl\/en\/?id=20725"],"author":"1","status":"publish","date":"2026-04-29 17:41:47","date_utc":"2026-04-29 15:41:47","modified":"2026-04-29 17:41:47","modified_utc":"2026-04-29 15:41:47","url":"https:\/\/www.kapitol-gryfice.pl\/en\/film\/diabel-ubiera-sie-u-prady-2-21\/","rest_url":"https:\/\/www.kapitol-gryfice.pl\/en\/wp-json\/tribe\/events\/v1\/events\/20725","title":"Diabe\u0142 ubiera si\u0119 u Prady 2","description":"<div id=\"cmsmasters_row_\" class=\"cmsmasters_row cmsmasters_color_scheme_default cmsmasters_row_top_default cmsmasters_row_bot_default cmsmasters_row_boxed\">\n<div class=\"cmsmasters_row_outer_parent\">\n<div class=\"cmsmasters_row_outer\">\n<div class=\"cmsmasters_row_inner\">\n<div class=\"cmsmasters_row_margin\">\n<div id=\"cmsmasters_column_\" class=\"cmsmasters_column one_first\">\n<div class=\"cmsmasters_column_inner\"><div class=\"cmsmasters_text\">\n<h3>Opis filmu<\/h3>\n<div class=\"summary\">\n<p>Miranda Priestly powraca! Dwadzie\u015bcia lat po wydarzeniach, kt\u00f3re zdefiniowa\u0142y \u015bwiat mody i popkultury, kultowi bohaterowie zn\u00f3w spotykaj\u0105 si\u0119 na stylowych ulicach Nowego Jorku i w eleganckich biurach magazynu Runway. Meryl Streep, Anne Hathaway, Emily Blunt oraz Stanley Tucci ponownie wcielaj\u0105 si\u0119 w swoje ikoniczne role, przypominaj\u0105c, \u017ce w \u015bwiecie mody w\u0142adza, ambicja i perfekcja wci\u0105\u017c maj\u0105 najwy\u017csz\u0105 cen\u0119.<\/p>\n<p>Diabe\u0142 ubiera si\u0119 u Prady 2 od 20th Century Studios to d\u0142ugo wyczekiwana kontynuacja uwielbianego hitu z 2006 roku, kt\u00f3ry podbi\u0142 serca widz\u00f3w na ca\u0142ym \u015bwiecie. Za re\u017cyseri\u0119 ponownie odpowiada David Frankel, scenariusz napisa\u0142a Aline Brosh McKenna, producentk\u0105 jest Wendy Finerman, a producentami wykonawczymi s\u0105 Michael Bederman, Karen Rosenfelt oraz Aline Brosh McKenna.<\/p>\n<\/div>\n<\/div>\n<\/div><\/div>\n<\/div>\n<\/div>\n<\/div>\n<\/div>\n<\/div>\n<div id=\"cmsmasters_row_xnkpwke0rq\" class=\"cmsmasters_row cmsmasters_color_scheme_default cmsmasters_row_top_default cmsmasters_row_bot_default cmsmasters_row_boxed\">\n<div class=\"cmsmasters_row_outer_parent\">\n<div class=\"cmsmasters_row_outer\">\n<div class=\"cmsmasters_row_inner\">\n<div class=\"cmsmasters_row_margin\">\n<div id=\"cmsmasters_column_a8olfl2p75\" class=\"cmsmasters_column one_half\">\n<div class=\"cmsmasters_column_inner\"><div class=\"cmsmasters_text\">\n<h3>Re\u017cyseria:<\/h3>\n<p>David Frankel<\/p>\n<h3>Obsada:<\/h3>\n<p>Meryl Streep, Anne Hathaway, Emily Blunt, Stanley Tucci<\/p>\n<\/div>\n<\/div><\/div>\n<div id=\"cmsmasters_column_kca7kfnwbk\" class=\"cmsmasters_column one_half\">\n<div class=\"cmsmasters_column_inner\"><div class=\"cmsmasters_text\">\n<h3>Czas:<\/h3>\n<p>2h<\/p>\n<h3>Gatunek:<\/h3>\n<p>dramat, komedia<\/p>\n<\/div>\n<\/div><\/div>\n<\/div>\n<\/div>\n<\/div>\n<\/div>\n<\/div>\n<div id=\"cmsmasters_row_aldsp4tysf\" class=\"cmsmasters_row cmsmasters_color_scheme_default cmsmasters_row_top_default cmsmasters_row_bot_default cmsmasters_row_boxed\">\n<div class=\"cmsmasters_row_outer_parent\">\n<div class=\"cmsmasters_row_outer\">\n<div class=\"cmsmasters_row_inner\">\n<div class=\"cmsmasters_row_margin\">\n<div id=\"cmsmasters_column_qvqsdhrqqq\" class=\"cmsmasters_column one_first\">\n<div class=\"cmsmasters_column_inner\"><div class=\"cmsmasters_embed_wrap\">\n<iframe loading=\"lazy\" title=\"Diabe\u0142 ubiera si\u0119 u Prady 2 - zwiastun #3 [napisy]\" width=\"1160\" height=\"653\" src=\"https:\/\/www.youtube.com\/embed\/TwBzH1egljU?feature=oembed\" frameborder=\"0\" allow=\"accelerometer; autoplay; clipboard-write; encrypted-media; gyroscope; picture-in-picture; web-share\" referrerpolicy=\"strict-origin-when-cross-origin\" allowfullscreen><\/iframe><\/div>\n<\/div><\/div>\n<\/div>\n<\/div>\n<\/div>\n<\/div>\n<\/div>","excerpt":"<p>Miranda Priestly walczy ze swoj\u0105 by\u0142\u0105 asystentk\u0105 Emily &#8211; a obecnie rywalk\u0105 na kierowniczym stanowisku &#8211; konkuruj\u0105 o wp\u0142ywy i przychody z reklam w czasach upadaj\u0105cej prasy papierowej.<\/p>","slug":"diabel-ubiera-sie-u-prady-2-21","image":{"url":"https:\/\/www.kapitol-gryfice.pl\/wp-content\/uploads\/2026\/04\/diabelprada2.jpg","id":20626,"extension":"jpg","width":384,"height":549,"filesize":99995,"sizes":{"medium":{"width":210,"height":300,"mime-type":"image\/jpeg","filesize":24085,"url":"https:\/\/www.kapitol-gryfice.pl\/wp-content\/uploads\/2026\/04\/diabelprada2-210x300.jpg"},"thumbnail":{"width":150,"height":150,"mime-type":"image\/jpeg","filesize":12388,"url":"https:\/\/www.kapitol-gryfice.pl\/wp-content\/uploads\/2026\/04\/diabelprada2-150x150.jpg"},"post-thumbnail":{"width":384,"height":500,"mime-type":"image\/jpeg","filesize":57991,"url":"https:\/\/www.kapitol-gryfice.pl\/wp-content\/uploads\/2026\/04\/diabelprada2-384x500.jpg"},"cmsmasters-small-thumb":{"width":70,"height":70,"mime-type":"image\/jpeg","filesize":5899,"url":"https:\/\/www.kapitol-gryfice.pl\/wp-content\/uploads\/2026\/04\/diabelprada2-70x70.jpg"},"cmsmasters-square-thumb":{"width":300,"height":300,"mime-type":"image\/jpeg","filesize":31344,"url":"https:\/\/www.kapitol-gryfice.pl\/wp-content\/uploads\/2026\/04\/diabelprada2-300x300.jpg"},"cmsmasters-blog-masonry-thumb":{"width":360,"height":360,"mime-type":"image\/jpeg","filesize":40213,"url":"https:\/\/www.kapitol-gryfice.pl\/wp-content\/uploads\/2026\/04\/diabelprada2-360x360.jpg"},"cmsmasters-project-grid-thumb":{"width":384,"height":340,"mime-type":"image\/jpeg","filesize":44905,"url":"https:\/\/www.kapitol-gryfice.pl\/wp-content\/uploads\/2026\/04\/diabelprada2-384x340.jpg"}}},"all_day":false,"start_date":"2026-05-15 14:30:00","start_date_details":{"year":"2026","month":"05","day":"15","hour":"14","minutes":"30","seconds":"00"},"end_date":"2026-05-15 16:00:00","end_date_details":{"year":"2026","month":"05","day":"15","hour":"16","minutes":"00","seconds":"00"},"utc_start_date":"2026-05-15 12:30:00","utc_start_date_details":{"year":"2026","month":"05","day":"15","hour":"12","minutes":"30","seconds":"00"},"utc_end_date":"2026-05-15 14:00:00","utc_end_date_details":{"year":"2026","month":"05","day":"15","hour":"14","minutes":"00","seconds":"00"},"timezone":"Europe\/Warsaw","timezone_abbr":"CEST","cost":"","cost_details":{"currency_symbol":"z\u0142","currency_code":"PLN","currency_position":"prefix","values":[]},"website":"","show_map":false,"show_map_link":false,"hide_from_listings":false,"sticky":false,"featured":false,"categories":[{"name":"Komedia","slug":"komedia","term_group":0,"term_taxonomy_id":77,"taxonomy":"tribe_events_cat","description":"","parent":0,"count":120,"filter":"raw","id":77,"urls":{"self":"https:\/\/www.kapitol-gryfice.pl\/en\/wp-json\/tribe\/events\/v1\/categories\/77","collection":"https:\/\/www.kapitol-gryfice.pl\/en\/wp-json\/tribe\/events\/v1\/categories"}}],"tags":[],"venue":[],"organizer":[],"json_ld":{"@context":"http:\/\/schema.org","@type":"Event","name":"Diabe\u0142 ubiera si\u0119 u Prady 2","description":"&lt;p&gt;Miranda Priestly walczy ze swoj\u0105 by\u0142\u0105 asystentk\u0105 Emily - a obecnie rywalk\u0105 na kierowniczym stanowisku - konkuruj\u0105 o wp\u0142ywy i przychody z reklam w czasach upadaj\u0105cej prasy papierowej.&lt;\/p&gt;\\n","image":"https:\/\/www.kapitol-gryfice.pl\/wp-content\/uploads\/2026\/04\/diabelprada2.jpg","url":"https:\/\/www.kapitol-gryfice.pl\/en\/film\/diabel-ubiera-sie-u-prady-2-21\/","eventAttendanceMode":"https:\/\/schema.org\/OfflineEventAttendanceMode","eventStatus":"https:\/\/schema.org\/EventScheduled","startDate":"2026-05-15T14:30:00+02:00","endDate":"2026-05-15T16:00:00+02:00","performer":"Organization"},"is_virtual":false,"virtual_url":null,"virtual_video_source":""}