{"id":20623,"global_id":"www.kapitol-gryfice.pl\/en\/?id=20623","global_id_lineage":["www.kapitol-gryfice.pl\/en\/?id=20623"],"author":"1","status":"publish","date":"2026-04-23 12:38:33","date_utc":"2026-04-23 10:38:33","modified":"2026-04-23 12:38:33","modified_utc":"2026-04-23 10:38:33","url":"https:\/\/www.kapitol-gryfice.pl\/en\/film\/michael-8\/","rest_url":"https:\/\/www.kapitol-gryfice.pl\/en\/wp-json\/tribe\/events\/v1\/events\/20623","title":"Michael","description":"<div id=\"cmsmasters_row_\" class=\"cmsmasters_row cmsmasters_color_scheme_default cmsmasters_row_top_default cmsmasters_row_bot_default cmsmasters_row_boxed\">\n<div class=\"cmsmasters_row_outer_parent\">\n<div class=\"cmsmasters_row_outer\">\n<div class=\"cmsmasters_row_inner\">\n<div class=\"cmsmasters_row_margin\">\n<div id=\"cmsmasters_column_\" class=\"cmsmasters_column one_first\">\n<div class=\"cmsmasters_column_inner\"><div class=\"cmsmasters_text\">\n<h3>Opis filmu<\/h3>\n<div class=\"summary\">\n<p>M\u0142ody Michael Jackson (Juliano Krue Valdi) jako \u00f3sme z dziesi\u0119ciorga dzieci od najm\u0142odszych lat jest przygotowywany do kariery muzycznej pod okiem surowego ojca (Colman Domingo). Z rodzinnym zespo\u0142em Jackson Five odnosi pierwsze sukcesy, a ju\u017c w wieku 13 lat rozpoczyna karier\u0119 solow\u0105. R\u00f3wnie\u017c w doros\u0142o\u015bci \u017cyciem Michaela (Jaafar Jackson) rz\u0105dzi muzyka.<\/p>\n<p>Pod koniec lat 70. poznaje na planie filmowym Dian\u0119 Ross (Kat Graham) oraz producenta Quincy Jonesa (Kendrick Sampson), co zmienia jego muzyczne kierunki. Album &#8220;Off the Wall&#8221; (1979), wyprodukowany przez Jonesa, odnosi ogromny sukces, a w 1982 roku zostaje przebity przez prze\u0142omow\u0105 i najlepiej sprzedaj\u0105c\u0105 si\u0119 p\u0142yt\u0119 &#8220;Thriller&#8221;. R\u00f3wnolegle z tymi sukcesami dochodzi do zerwania wsp\u00f3\u0142pracy z ojcem Joe, kt\u00f3rego Jackson zwalnia z funkcji mened\u017cera i zast\u0119puje prawnikiem Johnem Branc\u0105 (Miles Teller).<\/p>\n<\/div>\n<\/div>\n<\/div><\/div>\n<\/div>\n<\/div>\n<\/div>\n<\/div>\n<\/div>\n<div id=\"cmsmasters_row_xnkpwke0rq\" class=\"cmsmasters_row cmsmasters_color_scheme_default cmsmasters_row_top_default cmsmasters_row_bot_default cmsmasters_row_boxed\">\n<div class=\"cmsmasters_row_outer_parent\">\n<div class=\"cmsmasters_row_outer\">\n<div class=\"cmsmasters_row_inner\">\n<div class=\"cmsmasters_row_margin\">\n<div id=\"cmsmasters_column_a8olfl2p75\" class=\"cmsmasters_column one_half\">\n<div class=\"cmsmasters_column_inner\"><div class=\"cmsmasters_text\">\n<h3>Re\u017cyseria:<\/h3>\n<p>Antoine Fuqua<\/p>\n<h3>Obsada:<\/h3>\n<p>Jaafar Jackson<\/p>\n<\/div>\n<\/div><\/div>\n<div id=\"cmsmasters_column_kca7kfnwbk\" class=\"cmsmasters_column one_half\">\n<div class=\"cmsmasters_column_inner\"><div class=\"cmsmasters_text\">\n<h3>Czas:<\/h3>\n<p>2h 07min<\/p>\n<h3>Gatunek:<\/h3>\n<p>dramat<\/p>\n<\/div>\n<\/div><\/div>\n<\/div>\n<\/div>\n<\/div>\n<\/div>\n<\/div>\n<div id=\"cmsmasters_row_aldsp4tysf\" class=\"cmsmasters_row cmsmasters_color_scheme_default cmsmasters_row_top_default cmsmasters_row_bot_default cmsmasters_row_boxed\">\n<div class=\"cmsmasters_row_outer_parent\">\n<div class=\"cmsmasters_row_outer\">\n<div class=\"cmsmasters_row_inner\">\n<div class=\"cmsmasters_row_margin\">\n<div id=\"cmsmasters_column_qvqsdhrqqq\" class=\"cmsmasters_column one_first\">\n<div class=\"cmsmasters_column_inner\"><div class=\"cmsmasters_embed_wrap\">\n<iframe loading=\"lazy\" title=\"Michael - nowy zwiastun filmu\" width=\"1160\" height=\"653\" src=\"https:\/\/www.youtube.com\/embed\/XKcKFWDhvlM?feature=oembed\" frameborder=\"0\" allow=\"accelerometer; autoplay; clipboard-write; encrypted-media; gyroscope; picture-in-picture; web-share\" referrerpolicy=\"strict-origin-when-cross-origin\" allowfullscreen><\/iframe><\/div>\n<\/div><\/div>\n<\/div>\n<\/div>\n<\/div>\n<\/div>\n<\/div>","excerpt":"<p>Filmowa opowie\u015b\u0107 o \u017cyciu i dziedzictwie jednego z najbardziej wp\u0142ywowych artyst\u00f3w w historii.<\/p>","slug":"michael-8","image":{"url":"https:\/\/www.kapitol-gryfice.pl\/wp-content\/uploads\/2026\/04\/Michael.jpg","id":20563,"extension":"jpg","width":384,"height":549,"filesize":104921,"sizes":{"medium":{"width":210,"height":300,"mime-type":"image\/jpeg","filesize":23698,"url":"https:\/\/www.kapitol-gryfice.pl\/wp-content\/uploads\/2026\/04\/Michael-210x300.jpg"},"thumbnail":{"width":150,"height":150,"mime-type":"image\/jpeg","filesize":12440,"url":"https:\/\/www.kapitol-gryfice.pl\/wp-content\/uploads\/2026\/04\/Michael-150x150.jpg"},"post-thumbnail":{"width":384,"height":500,"mime-type":"image\/jpeg","filesize":61942,"url":"https:\/\/www.kapitol-gryfice.pl\/wp-content\/uploads\/2026\/04\/Michael-384x500.jpg"},"cmsmasters-small-thumb":{"width":70,"height":70,"mime-type":"image\/jpeg","filesize":5890,"url":"https:\/\/www.kapitol-gryfice.pl\/wp-content\/uploads\/2026\/04\/Michael-70x70.jpg"},"cmsmasters-square-thumb":{"width":300,"height":300,"mime-type":"image\/jpeg","filesize":32387,"url":"https:\/\/www.kapitol-gryfice.pl\/wp-content\/uploads\/2026\/04\/Michael-300x300.jpg"},"cmsmasters-blog-masonry-thumb":{"width":360,"height":360,"mime-type":"image\/jpeg","filesize":41811,"url":"https:\/\/www.kapitol-gryfice.pl\/wp-content\/uploads\/2026\/04\/Michael-360x360.jpg"},"cmsmasters-project-grid-thumb":{"width":384,"height":340,"mime-type":"image\/jpeg","filesize":46578,"url":"https:\/\/www.kapitol-gryfice.pl\/wp-content\/uploads\/2026\/04\/Michael-384x340.jpg"}}},"all_day":false,"start_date":"2026-05-03 17:00:00","start_date_details":{"year":"2026","month":"05","day":"03","hour":"17","minutes":"00","seconds":"00"},"end_date":"2026-05-03 18:30:00","end_date_details":{"year":"2026","month":"05","day":"03","hour":"18","minutes":"30","seconds":"00"},"utc_start_date":"2026-05-03 15:00:00","utc_start_date_details":{"year":"2026","month":"05","day":"03","hour":"15","minutes":"00","seconds":"00"},"utc_end_date":"2026-05-03 16:30:00","utc_end_date_details":{"year":"2026","month":"05","day":"03","hour":"16","minutes":"30","seconds":"00"},"timezone":"Europe\/Warsaw","timezone_abbr":"CEST","cost":"","cost_details":{"currency_symbol":"z\u0142","currency_code":"PLN","currency_position":"prefix","values":[]},"website":"","show_map":false,"show_map_link":false,"hide_from_listings":false,"sticky":false,"featured":false,"categories":[{"name":"Dramat","slug":"dramat","term_group":0,"term_taxonomy_id":46,"taxonomy":"tribe_events_cat","description":"","parent":0,"count":77,"filter":"raw","id":46,"urls":{"self":"https:\/\/www.kapitol-gryfice.pl\/en\/wp-json\/tribe\/events\/v1\/categories\/46","collection":"https:\/\/www.kapitol-gryfice.pl\/en\/wp-json\/tribe\/events\/v1\/categories"}}],"tags":[],"venue":[],"organizer":[],"json_ld":{"@context":"http:\/\/schema.org","@type":"Event","name":"Michael","description":"&lt;p&gt;Filmowa opowie\u015b\u0107 o \u017cyciu i dziedzictwie jednego z najbardziej wp\u0142ywowych artyst\u00f3w w historii.&lt;\/p&gt;\\n","image":"https:\/\/www.kapitol-gryfice.pl\/wp-content\/uploads\/2026\/04\/Michael.jpg","url":"https:\/\/www.kapitol-gryfice.pl\/en\/film\/michael-8\/","eventAttendanceMode":"https:\/\/schema.org\/OfflineEventAttendanceMode","eventStatus":"https:\/\/schema.org\/EventScheduled","startDate":"2026-05-03T17:00:00+02:00","endDate":"2026-05-03T18:30:00+02:00","performer":"Organization"},"is_virtual":false,"virtual_url":null,"virtual_video_source":""}