{"id":20471,"global_id":"www.kapitol-gryfice.pl\/en\/?id=20471","global_id_lineage":["www.kapitol-gryfice.pl\/en\/?id=20471"],"author":"1","status":"publish","date":"2026-03-30 17:12:14","date_utc":"2026-03-30 15:12:14","modified":"2026-03-30 17:12:14","modified_utc":"2026-03-30 15:12:14","url":"https:\/\/www.kapitol-gryfice.pl\/en\/film\/tenorzy-przy-swiecach\/","rest_url":"https:\/\/www.kapitol-gryfice.pl\/en\/wp-json\/tribe\/events\/v1\/events\/20471","title":"Tenorzy Przy \u015awiecach","description":"<div id=\"cmsmasters_row_\" class=\"cmsmasters_row cmsmasters_color_scheme_default cmsmasters_row_top_default cmsmasters_row_bot_default cmsmasters_row_boxed\">\n<div class=\"cmsmasters_row_outer_parent\">\n<div class=\"cmsmasters_row_outer\">\n<div class=\"cmsmasters_row_inner\">\n<div class=\"cmsmasters_row_margin\">\n<div id=\"cmsmasters_column_\" class=\"cmsmasters_column one_first\">\n<div class=\"cmsmasters_column_inner\"><div class=\"cmsmasters_text\">\n<h3>Opis koncertu<\/h3>\n<div class=\"summary\">\n<p>\u201eTenorzy przy \u015bwiecach\u201d to wyj\u0105tkowe muzyczne widowisko, w kt\u00f3rym pot\u0119ga tenorowych g\u0142os\u00f3w spotyka si\u0119 z magi\u0105 nastrojowego \u015bwiat\u0142a i elegancj\u0105 fortepianu. Przez oko\u0142o 2 godziny publiczno\u015b\u0107 zanurza si\u0119 w \u015bwiecie najpi\u0119kniejszych melodii \u2014 od ponadczasowej klasyki, po znane i lubiane utwory muzyki rozrywkowej w wyj\u0105tkowych, poruszaj\u0105cych aran\u017cacjach.<br \/>\nTo koncert pe\u0142en emocji: wzrusze\u0144, u\u015bmiech\u00f3w i moment\u00f3w, kt\u00f3re zostaj\u0105 w pami\u0119ci na d\u0142ugo. Kameralna atmosfera \u015bwiec sprawia, \u017ce ka\u017cdy d\u017awi\u0119k brzmi bli\u017cej, mocniej, bardziej osobi\u015bcie.<\/p>\n<\/div>\n<\/div>\n<\/div><\/div>\n<\/div>\n<\/div>\n<\/div>\n<\/div>\n<\/div>","excerpt":"<p>Zga\u015b \u015bwiat\u0142o, zapal \u015bwiece i zanurz si\u0119 w magii &#8220;Tenor\u00f3w przy \u015bwiecach&#8221; <\/p>","slug":"tenorzy-przy-swiecach","image":{"url":"https:\/\/www.kapitol-gryfice.pl\/wp-content\/uploads\/2026\/03\/tenorzy.jpg","id":20441,"extension":"jpg","width":384,"height":549,"filesize":107836,"sizes":{"medium":{"width":210,"height":300,"mime-type":"image\/jpeg","filesize":27471,"url":"https:\/\/www.kapitol-gryfice.pl\/wp-content\/uploads\/2026\/03\/tenorzy-210x300.jpg"},"thumbnail":{"width":150,"height":150,"mime-type":"image\/jpeg","filesize":14174,"url":"https:\/\/www.kapitol-gryfice.pl\/wp-content\/uploads\/2026\/03\/tenorzy-150x150.jpg"},"post-thumbnail":{"width":384,"height":500,"mime-type":"image\/jpeg","filesize":65461,"url":"https:\/\/www.kapitol-gryfice.pl\/wp-content\/uploads\/2026\/03\/tenorzy-384x500.jpg"},"cmsmasters-small-thumb":{"width":70,"height":70,"mime-type":"image\/jpeg","filesize":6426,"url":"https:\/\/www.kapitol-gryfice.pl\/wp-content\/uploads\/2026\/03\/tenorzy-70x70.jpg"},"cmsmasters-square-thumb":{"width":300,"height":300,"mime-type":"image\/jpeg","filesize":36162,"url":"https:\/\/www.kapitol-gryfice.pl\/wp-content\/uploads\/2026\/03\/tenorzy-300x300.jpg"},"cmsmasters-blog-masonry-thumb":{"width":360,"height":360,"mime-type":"image\/jpeg","filesize":45848,"url":"https:\/\/www.kapitol-gryfice.pl\/wp-content\/uploads\/2026\/03\/tenorzy-360x360.jpg"},"cmsmasters-project-grid-thumb":{"width":384,"height":340,"mime-type":"image\/jpeg","filesize":48470,"url":"https:\/\/www.kapitol-gryfice.pl\/wp-content\/uploads\/2026\/03\/tenorzy-384x340.jpg"}}},"all_day":false,"start_date":"2026-04-11 20:00:00","start_date_details":{"year":"2026","month":"04","day":"11","hour":"20","minutes":"00","seconds":"00"},"end_date":"2026-04-11 21:30:00","end_date_details":{"year":"2026","month":"04","day":"11","hour":"21","minutes":"30","seconds":"00"},"utc_start_date":"2026-04-11 18:00:00","utc_start_date_details":{"year":"2026","month":"04","day":"11","hour":"18","minutes":"00","seconds":"00"},"utc_end_date":"2026-04-11 19:30:00","utc_end_date_details":{"year":"2026","month":"04","day":"11","hour":"19","minutes":"30","seconds":"00"},"timezone":"Europe\/Warsaw","timezone_abbr":"CEST","cost":"","cost_details":{"currency_symbol":"z\u0142","currency_code":"PLN","currency_position":"prefix","values":[]},"website":"","show_map":false,"show_map_link":false,"hide_from_listings":false,"sticky":false,"featured":false,"categories":[{"name":"Koncert","slug":"koncert","term_group":0,"term_taxonomy_id":65,"taxonomy":"tribe_events_cat","description":"","parent":0,"count":14,"filter":"raw","id":65,"urls":{"self":"https:\/\/www.kapitol-gryfice.pl\/en\/wp-json\/tribe\/events\/v1\/categories\/65","collection":"https:\/\/www.kapitol-gryfice.pl\/en\/wp-json\/tribe\/events\/v1\/categories"}}],"tags":[],"venue":[],"organizer":[],"json_ld":{"@context":"http:\/\/schema.org","@type":"Event","name":"Tenorzy Przy \u015awiecach","description":"&lt;p&gt;Zga\u015b \u015bwiat\u0142o, zapal \u015bwiece i zanurz si\u0119 w magii &quot;Tenor\u00f3w przy \u015bwiecach&quot; &lt;\/p&gt;\\n","image":"https:\/\/www.kapitol-gryfice.pl\/wp-content\/uploads\/2026\/03\/tenorzy.jpg","url":"https:\/\/www.kapitol-gryfice.pl\/en\/film\/tenorzy-przy-swiecach\/","eventAttendanceMode":"https:\/\/schema.org\/OfflineEventAttendanceMode","eventStatus":"https:\/\/schema.org\/EventScheduled","startDate":"2026-04-11T20:00:00+02:00","endDate":"2026-04-11T21:30:00+02:00","performer":"Organization"},"is_virtual":false,"virtual_url":null,"virtual_video_source":""}