{"id":20419,"global_id":"www.kapitol-gryfice.pl\/en\/?id=20419","global_id_lineage":["www.kapitol-gryfice.pl\/en\/?id=20419"],"author":"1","status":"publish","date":"2026-03-30 15:26:57","date_utc":"2026-03-30 13:26:57","modified":"2026-03-30 15:26:57","modified_utc":"2026-03-30 13:26:57","url":"https:\/\/www.kapitol-gryfice.pl\/en\/film\/david-4\/","rest_url":"https:\/\/www.kapitol-gryfice.pl\/en\/wp-json\/tribe\/events\/v1\/events\/20419","title":"David","description":"<div id=\"cmsmasters_row_\" class=\"cmsmasters_row cmsmasters_color_scheme_default cmsmasters_row_top_default cmsmasters_row_bot_default cmsmasters_row_boxed\">\n<div class=\"cmsmasters_row_outer_parent\">\n<div class=\"cmsmasters_row_outer\">\n<div class=\"cmsmasters_row_inner\">\n<div class=\"cmsmasters_row_margin\">\n<div id=\"cmsmasters_column_\" class=\"cmsmasters_column one_first\">\n<div class=\"cmsmasters_column_inner\"><div class=\"cmsmasters_text\">\n<h3>Opis filmu<\/h3>\n<div class=\"summary\">\n<p>\u201eDavid\u201d to film dla ca\u0142ej rodziny, kt\u00f3ry zachwyca widz\u00f3w na ca\u0142ym \u015bwiecie. Z rozmachem przedstawia on histori\u0119 biblijnego kr\u00f3la Dawida \u2013 od jego m\u0142odzie\u0144czych lat jako pasterza, przez walk\u0119 z Goliatem, a\u017c po drog\u0119 do w\u0142adzy. To opowie\u015b\u0107, kt\u00f3ra pozwoli zmierzy\u0107 si\u0119 z zar\u00f3wno m\u0142odszym, jak i starszym widzom z ich w\u0142asnymi l\u0119kami, decyzjami i marzeniami.<\/p>\n<\/div>\n<\/div>\n<\/div><\/div>\n<\/div>\n<\/div>\n<\/div>\n<\/div>\n<\/div>\n<div id=\"cmsmasters_row_xnkpwke0rq\" class=\"cmsmasters_row cmsmasters_color_scheme_default cmsmasters_row_top_default cmsmasters_row_bot_default cmsmasters_row_boxed\">\n<div class=\"cmsmasters_row_outer_parent\">\n<div class=\"cmsmasters_row_outer\">\n<div class=\"cmsmasters_row_inner\">\n<div class=\"cmsmasters_row_margin\">\n<div id=\"cmsmasters_column_a8olfl2p75\" class=\"cmsmasters_column one_half\">\n<div class=\"cmsmasters_column_inner\"><div class=\"cmsmasters_text\">\n<h3>Re\u017cyseria:<\/h3>\n<p>Phil Cunningham, Brent Dawes<\/p>\n<\/div>\n<\/div><\/div>\n<div id=\"cmsmasters_column_kca7kfnwbk\" class=\"cmsmasters_column one_half\">\n<div class=\"cmsmasters_column_inner\"><div class=\"cmsmasters_text\">\n<h3>Czas:<\/h3>\n<p>1h 30min<\/p>\n<h3>Gatunek:<\/h3>\n<p>familijny<\/p>\n<\/div>\n<\/div><\/div>\n<\/div>\n<\/div>\n<\/div>\n<\/div>\n<\/div>\n<div id=\"cmsmasters_row_aldsp4tysf\" class=\"cmsmasters_row cmsmasters_color_scheme_default cmsmasters_row_top_default cmsmasters_row_bot_default cmsmasters_row_boxed\">\n<div class=\"cmsmasters_row_outer_parent\">\n<div class=\"cmsmasters_row_outer\">\n<div class=\"cmsmasters_row_inner\">\n<div class=\"cmsmasters_row_margin\">\n<div id=\"cmsmasters_column_qvqsdhrqqq\" class=\"cmsmasters_column one_first\">\n<div class=\"cmsmasters_column_inner\"><div class=\"cmsmasters_embed_wrap\">\n<iframe loading=\"lazy\" title=\"DAVID - oficjalny zwiastun, tylko w kinach od 27 marca [dubbing]\" width=\"1160\" height=\"653\" src=\"https:\/\/www.youtube.com\/embed\/zGgycJaW7Qg?feature=oembed\" frameborder=\"0\" allow=\"accelerometer; autoplay; clipboard-write; encrypted-media; gyroscope; picture-in-picture; web-share\" referrerpolicy=\"strict-origin-when-cross-origin\" allowfullscreen><\/iframe><\/div>\n<\/div><\/div>\n<\/div>\n<\/div>\n<\/div>\n<\/div>\n<\/div>","excerpt":"<p>Droga Dawida \u2013 od m\u0142odego pasterza, kt\u00f3ry dopiero odkrywa w\u0142asn\u0105 si\u0142\u0119 i odwag\u0119, przez legendarn\u0105 walk\u0119 z Goliatem, a\u017c po momenty, kt\u00f3re prowadz\u0105 go ku kr\u00f3lewskiej w\u0142adzy. <\/p>","slug":"david-4","image":{"url":"https:\/\/www.kapitol-gryfice.pl\/wp-content\/uploads\/2026\/03\/david.jpg","id":20380,"extension":"jpg","width":384,"height":549,"filesize":121515,"sizes":{"medium":{"width":210,"height":300,"mime-type":"image\/jpeg","filesize":27541,"url":"https:\/\/www.kapitol-gryfice.pl\/wp-content\/uploads\/2026\/03\/david-210x300.jpg"},"thumbnail":{"width":150,"height":150,"mime-type":"image\/jpeg","filesize":13316,"url":"https:\/\/www.kapitol-gryfice.pl\/wp-content\/uploads\/2026\/03\/david-150x150.jpg"},"post-thumbnail":{"width":384,"height":500,"mime-type":"image\/jpeg","filesize":73368,"url":"https:\/\/www.kapitol-gryfice.pl\/wp-content\/uploads\/2026\/03\/david-384x500.jpg"},"cmsmasters-small-thumb":{"width":70,"height":70,"mime-type":"image\/jpeg","filesize":5973,"url":"https:\/\/www.kapitol-gryfice.pl\/wp-content\/uploads\/2026\/03\/david-70x70.jpg"},"cmsmasters-square-thumb":{"width":300,"height":300,"mime-type":"image\/jpeg","filesize":37008,"url":"https:\/\/www.kapitol-gryfice.pl\/wp-content\/uploads\/2026\/03\/david-300x300.jpg"},"cmsmasters-blog-masonry-thumb":{"width":360,"height":360,"mime-type":"image\/jpeg","filesize":48236,"url":"https:\/\/www.kapitol-gryfice.pl\/wp-content\/uploads\/2026\/03\/david-360x360.jpg"},"cmsmasters-project-grid-thumb":{"width":384,"height":340,"mime-type":"image\/jpeg","filesize":54257,"url":"https:\/\/www.kapitol-gryfice.pl\/wp-content\/uploads\/2026\/03\/david-384x340.jpg"}}},"all_day":false,"start_date":"2026-04-08 14:30:00","start_date_details":{"year":"2026","month":"04","day":"08","hour":"14","minutes":"30","seconds":"00"},"end_date":"2026-04-08 16:00:00","end_date_details":{"year":"2026","month":"04","day":"08","hour":"16","minutes":"00","seconds":"00"},"utc_start_date":"2026-04-08 12:30:00","utc_start_date_details":{"year":"2026","month":"04","day":"08","hour":"12","minutes":"30","seconds":"00"},"utc_end_date":"2026-04-08 14:00:00","utc_end_date_details":{"year":"2026","month":"04","day":"08","hour":"14","minutes":"00","seconds":"00"},"timezone":"Europe\/Warsaw","timezone_abbr":"CEST","cost":"","cost_details":{"currency_symbol":"z\u0142","currency_code":"PLN","currency_position":"prefix","values":[]},"website":"","show_map":false,"show_map_link":false,"hide_from_listings":false,"sticky":false,"featured":false,"categories":[{"name":"Familijny","slug":"familijny","term_group":0,"term_taxonomy_id":59,"taxonomy":"tribe_events_cat","description":"","parent":0,"count":793,"filter":"raw","id":59,"urls":{"self":"https:\/\/www.kapitol-gryfice.pl\/en\/wp-json\/tribe\/events\/v1\/categories\/59","collection":"https:\/\/www.kapitol-gryfice.pl\/en\/wp-json\/tribe\/events\/v1\/categories"}}],"tags":[],"venue":[],"organizer":[],"json_ld":{"@context":"http:\/\/schema.org","@type":"Event","name":"David","description":"&lt;p&gt;Droga Dawida \u2013 od m\u0142odego pasterza, kt\u00f3ry dopiero odkrywa w\u0142asn\u0105 si\u0142\u0119 i odwag\u0119, przez legendarn\u0105 walk\u0119 z Goliatem, a\u017c po momenty, kt\u00f3re prowadz\u0105 go ku kr\u00f3lewskiej w\u0142adzy. &lt;\/p&gt;\\n","image":"https:\/\/www.kapitol-gryfice.pl\/wp-content\/uploads\/2026\/03\/david.jpg","url":"https:\/\/www.kapitol-gryfice.pl\/en\/film\/david-4\/","eventAttendanceMode":"https:\/\/schema.org\/OfflineEventAttendanceMode","eventStatus":"https:\/\/schema.org\/EventScheduled","startDate":"2026-04-08T14:30:00+02:00","endDate":"2026-04-08T16:00:00+02:00","performer":"Organization"},"is_virtual":false,"virtual_url":null,"virtual_video_source":""}