{"id":20352,"global_id":"www.kapitol-gryfice.pl\/en\/?id=20352","global_id_lineage":["www.kapitol-gryfice.pl\/en\/?id=20352"],"author":"1","status":"publish","date":"2026-03-30 11:13:26","date_utc":"2026-03-30 09:13:26","modified":"2026-03-30 11:13:26","modified_utc":"2026-03-30 09:13:26","url":"https:\/\/www.kapitol-gryfice.pl\/en\/film\/fleak-futrzak-i-ja-4\/","rest_url":"https:\/\/www.kapitol-gryfice.pl\/en\/wp-json\/tribe\/events\/v1\/events\/20352","title":"Fleak. Futrzak i ja","description":"<div id=\"cmsmasters_row_\" class=\"cmsmasters_row cmsmasters_color_scheme_default cmsmasters_row_top_default cmsmasters_row_bot_default cmsmasters_row_boxed\">\n<div class=\"cmsmasters_row_outer_parent\">\n<div class=\"cmsmasters_row_outer\">\n<div class=\"cmsmasters_row_inner\">\n<div class=\"cmsmasters_row_margin\">\n<div id=\"cmsmasters_column_\" class=\"cmsmasters_column one_first\">\n<div class=\"cmsmasters_column_inner\"><div class=\"cmsmasters_text\">\n<h3>Opis filmu<\/h3>\n<div class=\"summary\">\n<p>Po tragicznym wypadku Tomek traci mo\u017cliwo\u015b\u0107 chodzenia i zamyka si\u0119 w sobie. Jego relacja z rodze\u0144stwem si\u0119 rozpada, a codzienno\u015b\u0107 traci kolory \u2013 a\u017c do momentu, gdy w jego \u017cyciu pojawia si\u0119 Fleak: w\u0142ochaty, zabawny stworek z innego wymiaru. Razem przenosz\u0105 si\u0119 do fantastycznego \u015bwiata, gdzie Tomek uczy si\u0119 na nowo ufa\u0107, \u015bmia\u0107 i \u2013 dos\u0142ownie \u2013 stawa\u0107 na nogi. Ale nic nie jest tak proste, jak si\u0119 wydaje: jego w\u0142asny cie\u0144 wymyka si\u0119 spod kontroli, staj\u0105c si\u0119 zagro\u017ceniem dla otaczaj\u0105cego \u015bwiata. Czy ch\u0142opiec, kt\u00f3ry straci\u0142 wiar\u0119 w siebie, zdo\u0142a stan\u0105\u0107 oko w oko z potworem i przywr\u00f3ci\u0107 porz\u0105dek?<\/p>\n<\/div>\n<\/div>\n<\/div><\/div>\n<\/div>\n<\/div>\n<\/div>\n<\/div>\n<\/div>\n<div id=\"cmsmasters_row_xnkpwke0rq\" class=\"cmsmasters_row cmsmasters_color_scheme_default cmsmasters_row_top_default cmsmasters_row_bot_default cmsmasters_row_boxed\">\n<div class=\"cmsmasters_row_outer_parent\">\n<div class=\"cmsmasters_row_outer\">\n<div class=\"cmsmasters_row_inner\">\n<div class=\"cmsmasters_row_margin\">\n<div id=\"cmsmasters_column_a8olfl2p75\" class=\"cmsmasters_column one_half\">\n<div class=\"cmsmasters_column_inner\"><div class=\"cmsmasters_text\">\n<h3>Re\u017cyseria:<\/h3>\n<p>Jens M\u00f8ller<\/p>\n<\/div>\n<\/div><\/div>\n<div id=\"cmsmasters_column_kca7kfnwbk\" class=\"cmsmasters_column one_half\">\n<div class=\"cmsmasters_column_inner\"><div class=\"cmsmasters_text\">\n<h3>Czas:<\/h3>\n<p>1h 25min<\/p>\n<h3>Gatunek:<\/h3>\n<p>familijny<\/p>\n<\/div>\n<\/div><\/div>\n<\/div>\n<\/div>\n<\/div>\n<\/div>\n<\/div>\n<div id=\"cmsmasters_row_aldsp4tysf\" class=\"cmsmasters_row cmsmasters_color_scheme_default cmsmasters_row_top_default cmsmasters_row_bot_default cmsmasters_row_boxed\">\n<div class=\"cmsmasters_row_outer_parent\">\n<div class=\"cmsmasters_row_outer\">\n<div class=\"cmsmasters_row_inner\">\n<div class=\"cmsmasters_row_margin\">\n<div id=\"cmsmasters_column_qvqsdhrqqq\" class=\"cmsmasters_column one_first\">\n<div class=\"cmsmasters_column_inner\"><div class=\"cmsmasters_embed_wrap\">\n<iframe loading=\"lazy\" title=\"Fleak. Futrzak i ja | TEASER | w kinach od 20 marca\" width=\"1160\" height=\"653\" src=\"https:\/\/www.youtube.com\/embed\/jAabdBpbkjI?feature=oembed\" frameborder=\"0\" allow=\"accelerometer; autoplay; clipboard-write; encrypted-media; gyroscope; picture-in-picture; web-share\" referrerpolicy=\"strict-origin-when-cross-origin\" allowfullscreen><\/iframe><\/div>\n<\/div><\/div>\n<\/div>\n<\/div>\n<\/div>\n<\/div>\n<\/div>","excerpt":"<p>Kiedy jedenastoletni Tomek spotyka Fleaka \u2013 przybysza z innego wymiaru \u2013 jego \u015bwiat staje na g\u0142owie. Wraz z nowym przyjacielem wyrusza w niezwyk\u0142\u0105 przygod\u0119, w kt\u00f3rej odkrywa moc wyobra\u017ani, odwagi i\u2026 w\u0142asnego cienia.<\/p>","slug":"fleak-futrzak-i-ja-4","image":{"url":"https:\/\/www.kapitol-gryfice.pl\/wp-content\/uploads\/2026\/03\/fleak.jpg","id":20314,"extension":"jpg","width":384,"height":549,"filesize":147934,"sizes":{"medium":{"width":210,"height":300,"mime-type":"image\/jpeg","filesize":36277,"url":"https:\/\/www.kapitol-gryfice.pl\/wp-content\/uploads\/2026\/03\/fleak-210x300.jpg"},"thumbnail":{"width":150,"height":150,"mime-type":"image\/jpeg","filesize":16046,"url":"https:\/\/www.kapitol-gryfice.pl\/wp-content\/uploads\/2026\/03\/fleak-150x150.jpg"},"post-thumbnail":{"width":384,"height":500,"mime-type":"image\/jpeg","filesize":85777,"url":"https:\/\/www.kapitol-gryfice.pl\/wp-content\/uploads\/2026\/03\/fleak-384x500.jpg"},"cmsmasters-small-thumb":{"width":70,"height":70,"mime-type":"image\/jpeg","filesize":7056,"url":"https:\/\/www.kapitol-gryfice.pl\/wp-content\/uploads\/2026\/03\/fleak-70x70.jpg"},"cmsmasters-square-thumb":{"width":300,"height":300,"mime-type":"image\/jpeg","filesize":41520,"url":"https:\/\/www.kapitol-gryfice.pl\/wp-content\/uploads\/2026\/03\/fleak-300x300.jpg"},"cmsmasters-blog-masonry-thumb":{"width":360,"height":360,"mime-type":"image\/jpeg","filesize":52711,"url":"https:\/\/www.kapitol-gryfice.pl\/wp-content\/uploads\/2026\/03\/fleak-360x360.jpg"},"cmsmasters-project-grid-thumb":{"width":384,"height":340,"mime-type":"image\/jpeg","filesize":55951,"url":"https:\/\/www.kapitol-gryfice.pl\/wp-content\/uploads\/2026\/03\/fleak-384x340.jpg"}}},"all_day":false,"start_date":"2026-04-01 15:00:00","start_date_details":{"year":"2026","month":"04","day":"01","hour":"15","minutes":"00","seconds":"00"},"end_date":"2026-04-01 16:30:00","end_date_details":{"year":"2026","month":"04","day":"01","hour":"16","minutes":"30","seconds":"00"},"utc_start_date":"2026-04-01 13:00:00","utc_start_date_details":{"year":"2026","month":"04","day":"01","hour":"13","minutes":"00","seconds":"00"},"utc_end_date":"2026-04-01 14:30:00","utc_end_date_details":{"year":"2026","month":"04","day":"01","hour":"14","minutes":"30","seconds":"00"},"timezone":"Europe\/Warsaw","timezone_abbr":"CEST","cost":"","cost_details":{"currency_symbol":"z\u0142","currency_code":"PLN","currency_position":"prefix","values":[]},"website":"","show_map":false,"show_map_link":false,"hide_from_listings":false,"sticky":false,"featured":false,"categories":[{"name":"Familijny","slug":"familijny","term_group":0,"term_taxonomy_id":59,"taxonomy":"tribe_events_cat","description":"","parent":0,"count":793,"filter":"raw","id":59,"urls":{"self":"https:\/\/www.kapitol-gryfice.pl\/en\/wp-json\/tribe\/events\/v1\/categories\/59","collection":"https:\/\/www.kapitol-gryfice.pl\/en\/wp-json\/tribe\/events\/v1\/categories"}}],"tags":[],"venue":[],"organizer":[],"json_ld":{"@context":"http:\/\/schema.org","@type":"Event","name":"Fleak. Futrzak i ja","description":"&lt;p&gt;Kiedy jedenastoletni Tomek spotyka Fleaka \u2013 przybysza z innego wymiaru \u2013 jego \u015bwiat staje na g\u0142owie. Wraz z nowym przyjacielem wyrusza w niezwyk\u0142\u0105 przygod\u0119, w kt\u00f3rej odkrywa moc wyobra\u017ani, odwagi i\u2026 w\u0142asnego cienia.&lt;\/p&gt;\\n","image":"https:\/\/www.kapitol-gryfice.pl\/wp-content\/uploads\/2026\/03\/fleak.jpg","url":"https:\/\/www.kapitol-gryfice.pl\/en\/film\/fleak-futrzak-i-ja-4\/","eventAttendanceMode":"https:\/\/schema.org\/OfflineEventAttendanceMode","eventStatus":"https:\/\/schema.org\/EventScheduled","startDate":"2026-04-01T15:00:00+02:00","endDate":"2026-04-01T16:30:00+02:00","performer":"Organization"},"is_virtual":false,"virtual_url":null,"virtual_video_source":""}