{"id":20101,"global_id":"www.kapitol-gryfice.pl\/en\/?id=20101","global_id_lineage":["www.kapitol-gryfice.pl\/en\/?id=20101"],"author":"1","status":"publish","date":"2026-02-16 10:19:45","date_utc":"2026-02-16 09:19:45","modified":"2026-02-25 11:28:29","modified_utc":"2026-02-25 10:28:29","url":"https:\/\/www.kapitol-gryfice.pl\/en\/film\/kopnelabym-cie-gdybym-mogla-5\/","rest_url":"https:\/\/www.kapitol-gryfice.pl\/en\/wp-json\/tribe\/events\/v1\/events\/20101","title":"Kopn\u0119\u0142abym ci\u0119, gdybym mog\u0142a","description":"<div id=\"cmsmasters_row_\" class=\"cmsmasters_row cmsmasters_color_scheme_default cmsmasters_row_top_default cmsmasters_row_bot_default cmsmasters_row_boxed\">\n<div class=\"cmsmasters_row_outer_parent\">\n<div class=\"cmsmasters_row_outer\">\n<div class=\"cmsmasters_row_inner\">\n<div class=\"cmsmasters_row_margin\">\n<div id=\"cmsmasters_column_\" class=\"cmsmasters_column one_first\">\n<div class=\"cmsmasters_column_inner\"><div class=\"cmsmasters_text\">\n<h3>Opis filmu<\/h3>\n<p>Je\u015bli wydaje ci si\u0119, \u017ce \u015bwiat si\u0119 na ciebie uwzi\u0105\u0142, nie nad\u0105\u017casz i masz za du\u017co na g\u0142owie, pami\u0119taj: inni maj\u0105 gorzej. Linda balansuje na kraw\u0119dzi mi\u0119dzy obowi\u0105zkiem a wyczerpaniem, mi\u0119dzy daj\u0105c\u0105 poczucie kontroli rutyn\u0105 a chaosem. Jej c\u00f3rka wymaga sta\u0142ej opieki, m\u0105\u017c jest nieobecny, praca dobija, a sufit dos\u0142ownie wali si\u0119 na g\u0142ow\u0119. Terapeuta przewraca oczami, instytucje pi\u0119trz\u0105 przeszkody\u2026 Wir codziennych zdarze\u0144 przeradza si\u0119 w nieokie\u0142znany, egzystencjalny koszmar. Nic dziwnego, \u017ce gdyby tylko mog\u0142a i znalaz\u0142a na to czas, skopa\u0142aby wszystkich i wszystko w bezsilnej w\u015bciek\u0142o\u015bci.<\/p>\n<\/div>\n<\/div><\/div>\n<\/div>\n<\/div>\n<\/div>\n<\/div>\n<\/div>\n<div id=\"cmsmasters_row_xnkpwke0rq\" class=\"cmsmasters_row cmsmasters_color_scheme_default cmsmasters_row_top_default cmsmasters_row_bot_default cmsmasters_row_boxed\">\n<div class=\"cmsmasters_row_outer_parent\">\n<div class=\"cmsmasters_row_outer\">\n<div class=\"cmsmasters_row_inner\">\n<div class=\"cmsmasters_row_margin\">\n<div id=\"cmsmasters_column_a8olfl2p75\" class=\"cmsmasters_column one_half\">\n<div class=\"cmsmasters_column_inner\"><div class=\"cmsmasters_text\">\n<h3>Re\u017cyseria:<\/h3>\n<p>Mary Bronstein<\/p>\n<h3>Obsada:<\/h3>\n<p>Rose Byrne<\/p>\n<\/div>\n<\/div><\/div>\n<div id=\"cmsmasters_column_kca7kfnwbk\" class=\"cmsmasters_column one_half\">\n<div class=\"cmsmasters_column_inner\"><div class=\"cmsmasters_text\">\n<h3>Czas:<\/h3>\n<p>1godz. 53min.<\/p>\n<h3>Gatunek:<\/h3>\n<p>czarna komedia<\/p>\n<\/div>\n<\/div><\/div>\n<\/div>\n<\/div>\n<\/div>\n<\/div>\n<\/div>\n<div id=\"cmsmasters_row_2xu4d79zjm\" class=\"cmsmasters_row cmsmasters_color_scheme_default cmsmasters_row_top_default cmsmasters_row_bot_default cmsmasters_row_boxed\">\n<div class=\"cmsmasters_row_outer_parent\">\n<div class=\"cmsmasters_row_outer\">\n<div class=\"cmsmasters_row_inner\">\n<div class=\"cmsmasters_row_margin\">\n<div id=\"cmsmasters_column_w1osv0lht\" class=\"cmsmasters_column one_first\">\n<div class=\"cmsmasters_column_inner\"><div class=\"cmsmasters_embed_wrap\">\n<iframe loading=\"lazy\" title=\"Kopn\u0119\u0142abym ci\u0119, gdybym mog\u0142a | polski zwiastun\" width=\"1160\" height=\"653\" src=\"https:\/\/www.youtube.com\/embed\/pTbImgix0wM?feature=oembed\" frameborder=\"0\" allow=\"accelerometer; autoplay; clipboard-write; encrypted-media; gyroscope; picture-in-picture; web-share\" referrerpolicy=\"strict-origin-when-cross-origin\" allowfullscreen><\/iframe><\/div>\n<\/div><\/div>\n<\/div>\n<\/div>\n<\/div>\n<\/div>\n<\/div>\n<div id=\"cmsmasters_row_\" class=\"cmsmasters_row cmsmasters_color_scheme_default cmsmasters_row_top_default cmsmasters_row_bot_default cmsmasters_row_boxed\">\n<div class=\"cmsmasters_row_outer_parent\">\n<div class=\"cmsmasters_row_outer\">\n<div class=\"cmsmasters_row_inner\">\n<div class=\"cmsmasters_row_margin\">\n<div id=\"cmsmasters_column_\" class=\"cmsmasters_column one_first\">\n<div class=\"cmsmasters_column_inner\"><div class=\"cmsmasters_text\">\n<p><!-- \/wp:freeform --><\/p>\n<p><!-- wp:tribe\/event-links \/--><\/p>\n<p><!-- wp:tribe\/classic-event-details \/--><\/p>\n<p><!-- wp:tribe\/event-venue \/--><\/p>\n<\/div>\n<\/div><\/div>\n<\/div>\n<\/div>\n<\/div>\n<\/div>\n<\/div>","excerpt":"<p>Linda pr\u00f3buje poradzi\u0107 sobie z tajemnicz\u0105 chorob\u0105 dziecka, nieobecnym m\u0119\u017cem, zaginion\u0105 osob\u0105 i coraz bardziej wrogimi relacjami ze swoim terapeut\u0105.<\/p>","slug":"kopnelabym-cie-gdybym-mogla-5","image":{"url":"https:\/\/www.kapitol-gryfice.pl\/wp-content\/uploads\/2026\/02\/Kopnelabym.jpg","id":20060,"extension":"jpg","width":384,"height":549,"filesize":116745,"sizes":{"medium":{"width":210,"height":300,"mime-type":"image\/jpeg","filesize":23697,"url":"https:\/\/www.kapitol-gryfice.pl\/wp-content\/uploads\/2026\/02\/Kopnelabym-210x300.jpg"},"thumbnail":{"width":150,"height":150,"mime-type":"image\/jpeg","filesize":11412,"url":"https:\/\/www.kapitol-gryfice.pl\/wp-content\/uploads\/2026\/02\/Kopnelabym-150x150.jpg"},"post-thumbnail":{"width":384,"height":500,"mime-type":"image\/jpeg","filesize":64974,"url":"https:\/\/www.kapitol-gryfice.pl\/wp-content\/uploads\/2026\/02\/Kopnelabym-384x500.jpg"},"cmsmasters-small-thumb":{"width":70,"height":70,"mime-type":"image\/jpeg","filesize":5665,"url":"https:\/\/www.kapitol-gryfice.pl\/wp-content\/uploads\/2026\/02\/Kopnelabym-70x70.jpg"},"cmsmasters-square-thumb":{"width":300,"height":300,"mime-type":"image\/jpeg","filesize":30050,"url":"https:\/\/www.kapitol-gryfice.pl\/wp-content\/uploads\/2026\/02\/Kopnelabym-300x300.jpg"},"cmsmasters-blog-masonry-thumb":{"width":360,"height":360,"mime-type":"image\/jpeg","filesize":38983,"url":"https:\/\/www.kapitol-gryfice.pl\/wp-content\/uploads\/2026\/02\/Kopnelabym-360x360.jpg"},"cmsmasters-project-grid-thumb":{"width":384,"height":340,"mime-type":"image\/jpeg","filesize":43130,"url":"https:\/\/www.kapitol-gryfice.pl\/wp-content\/uploads\/2026\/02\/Kopnelabym-384x340.jpg"}}},"all_day":false,"start_date":"2026-03-05 14:00:00","start_date_details":{"year":"2026","month":"03","day":"05","hour":"14","minutes":"00","seconds":"00"},"end_date":"2026-03-05 15:30:00","end_date_details":{"year":"2026","month":"03","day":"05","hour":"15","minutes":"30","seconds":"00"},"utc_start_date":"2026-03-05 13:00:00","utc_start_date_details":{"year":"2026","month":"03","day":"05","hour":"13","minutes":"00","seconds":"00"},"utc_end_date":"2026-03-05 14:30:00","utc_end_date_details":{"year":"2026","month":"03","day":"05","hour":"14","minutes":"30","seconds":"00"},"timezone":"Europe\/Warsaw","timezone_abbr":"CET","cost":"","cost_details":{"currency_symbol":"z\u0142","currency_code":"PLN","currency_position":"prefix","values":[]},"website":"","show_map":false,"show_map_link":false,"hide_from_listings":false,"sticky":false,"featured":false,"categories":[{"name":"Komedia","slug":"komedia","term_group":0,"term_taxonomy_id":77,"taxonomy":"tribe_events_cat","description":"","parent":0,"count":93,"filter":"raw","id":77,"urls":{"self":"https:\/\/www.kapitol-gryfice.pl\/en\/wp-json\/tribe\/events\/v1\/categories\/77","collection":"https:\/\/www.kapitol-gryfice.pl\/en\/wp-json\/tribe\/events\/v1\/categories"}}],"tags":[],"venue":[],"organizer":[],"json_ld":{"@context":"http:\/\/schema.org","@type":"Event","name":"Kopn\u0119\u0142abym ci\u0119, gdybym mog\u0142a","description":"&lt;p&gt;Linda pr\u00f3buje poradzi\u0107 sobie z tajemnicz\u0105 chorob\u0105 dziecka, nieobecnym m\u0119\u017cem, zaginion\u0105 osob\u0105 i coraz bardziej wrogimi relacjami ze swoim terapeut\u0105.&lt;\/p&gt;\\n","image":"https:\/\/www.kapitol-gryfice.pl\/wp-content\/uploads\/2026\/02\/Kopnelabym.jpg","url":"https:\/\/www.kapitol-gryfice.pl\/en\/film\/kopnelabym-cie-gdybym-mogla-5\/","eventAttendanceMode":"https:\/\/schema.org\/OfflineEventAttendanceMode","eventStatus":"https:\/\/schema.org\/EventScheduled","startDate":"2026-03-05T14:00:00+01:00","endDate":"2026-03-05T15:30:00+01:00","performer":"Organization"},"is_virtual":false,"virtual_url":null,"virtual_video_source":""}