{"id":20074,"global_id":"www.kapitol-gryfice.pl\/en\/?id=20074","global_id_lineage":["www.kapitol-gryfice.pl\/en\/?id=20074"],"author":"1","status":"publish","date":"2026-02-16 10:11:04","date_utc":"2026-02-16 09:11:04","modified":"2026-02-16 10:11:04","modified_utc":"2026-02-16 09:11:04","url":"https:\/\/www.kapitol-gryfice.pl\/en\/film\/dzwiek-smierci-2\/","rest_url":"https:\/\/www.kapitol-gryfice.pl\/en\/wp-json\/tribe\/events\/v1\/events\/20074","title":"D\u017awi\u0119k \u015bmierci","description":"<div id=\"cmsmasters_row_\" class=\"cmsmasters_row cmsmasters_color_scheme_default cmsmasters_row_top_default cmsmasters_row_bot_default cmsmasters_row_boxed\">\n<div class=\"cmsmasters_row_outer_parent\">\n<div class=\"cmsmasters_row_outer\">\n<div class=\"cmsmasters_row_inner\">\n<div class=\"cmsmasters_row_margin\">\n<div id=\"cmsmasters_column_\" class=\"cmsmasters_column one_first\">\n<div class=\"cmsmasters_column_inner\"><div class=\"cmsmasters_text\">\n<h3>Opis filmu<\/h3>\n<p>Grupa m\u0142odych ludzi znajduje tajemniczy artefakt &#8211; staro\u017cytny aztecki gwizdek nazywany &#8220;gwizdkiem \u015bmierci&#8221;. Pocz\u0105tkowo traktuj\u0105 go jak dziwn\u0105 ciekawostk\u0119, nie\u015bwiadomi, \u017ce kryje w sobie mroczn\u0105, a zarazem krwaw\u0105 histori\u0119. Wystarczy jeden gwizd, by o\u017cywi\u0107 przera\u017caj\u0105c\u0105 kl\u0105tw\u0119: ka\u017cdy, kto us\u0142yszy ten d\u017awi\u0119k, wkr\u00f3tce stanie twarz\u0105 w twarz ze swoj\u0105 w\u0142asn\u0105 \u015bmierci\u0105. To, co pocz\u0105tkowo wyda si\u0119 niewinn\u0105 zabaw\u0105, szybko przerodzi si\u0119 w desperack\u0105 walk\u0119 o przetrwanie. Kolejne osoby gin\u0105 w makabrycznych okoliczno\u015bciach, strach i napi\u0119cie ro\u015bnie, a granica mi\u0119dzy \u015bwiatem \u017cywych i umar\u0142ych staje si\u0119 niemal niewidoczna. Bohaterowie musz\u0105 odkry\u0107 tajemnic\u0119 pradawnego przedmiotu, zanim b\u0119dzie za p\u00f3\u017ano\u2026<\/p>\n<\/div>\n<\/div><\/div>\n<\/div>\n<\/div>\n<\/div>\n<\/div>\n<\/div>\n<div id=\"cmsmasters_row_xnkpwke0rq\" class=\"cmsmasters_row cmsmasters_color_scheme_default cmsmasters_row_top_default cmsmasters_row_bot_default cmsmasters_row_boxed\">\n<div class=\"cmsmasters_row_outer_parent\">\n<div class=\"cmsmasters_row_outer\">\n<div class=\"cmsmasters_row_inner\">\n<div class=\"cmsmasters_row_margin\">\n<div id=\"cmsmasters_column_a8olfl2p75\" class=\"cmsmasters_column one_half\">\n<div class=\"cmsmasters_column_inner\"><div class=\"cmsmasters_text\">\n<h3>Re\u017cyseria:<\/h3>\n<p>Corin Hardy<\/p>\n<h3>Obsada:<\/h3>\n<p>Dafne Keen, Sophie N\u00e9lisse, Sky Yang, Michelle Fairley<\/p>\n<\/div>\n<\/div><\/div>\n<div id=\"cmsmasters_column_kca7kfnwbk\" class=\"cmsmasters_column one_half\">\n<div class=\"cmsmasters_column_inner\"><div class=\"cmsmasters_text\">\n<h3>Czas:<\/h3>\n<p>1godz. 37min.<\/p>\n<h3>Gatunek:<\/h3>\n<p>horror<\/p>\n<\/div>\n<\/div><\/div>\n<\/div>\n<\/div>\n<\/div>\n<\/div>\n<\/div>\n<div id=\"cmsmasters_row_2xu4d79zjm\" class=\"cmsmasters_row cmsmasters_color_scheme_default cmsmasters_row_top_default cmsmasters_row_bot_default cmsmasters_row_boxed\">\n<div class=\"cmsmasters_row_outer_parent\">\n<div class=\"cmsmasters_row_outer\">\n<div class=\"cmsmasters_row_inner\">\n<div class=\"cmsmasters_row_margin\">\n<div id=\"cmsmasters_column_w1osv0lht\" class=\"cmsmasters_column one_first\">\n<div class=\"cmsmasters_column_inner\"><div class=\"cmsmasters_embed_wrap\">\n<iframe loading=\"lazy\" title=\"D\u017awi\u0119k \u015amierci | Oficjalny zwiastun | Kino \u015awiat\" width=\"1160\" height=\"653\" src=\"https:\/\/www.youtube.com\/embed\/wb8WYWysZWk?feature=oembed\" frameborder=\"0\" allow=\"accelerometer; autoplay; clipboard-write; encrypted-media; gyroscope; picture-in-picture; web-share\" referrerpolicy=\"strict-origin-when-cross-origin\" allowfullscreen><\/iframe><\/div>\n<\/div><\/div>\n<\/div>\n<\/div>\n<\/div>\n<\/div>\n<\/div>\n<div id=\"cmsmasters_row_\" class=\"cmsmasters_row cmsmasters_color_scheme_default cmsmasters_row_top_default cmsmasters_row_bot_default cmsmasters_row_boxed\">\n<div class=\"cmsmasters_row_outer_parent\">\n<div class=\"cmsmasters_row_outer\">\n<div class=\"cmsmasters_row_inner\">\n<div class=\"cmsmasters_row_margin\">\n<div id=\"cmsmasters_column_\" class=\"cmsmasters_column one_first\">\n<div class=\"cmsmasters_column_inner\"><div class=\"cmsmasters_text\">\n<p><!-- \/wp:freeform --><\/p>\n<p><!-- wp:tribe\/event-links \/--><\/p>\n<p><!-- wp:tribe\/classic-event-details \/--><\/p>\n<p><!-- wp:tribe\/event-venue \/--><\/p>\n<\/div>\n<\/div><\/div>\n<\/div>\n<\/div>\n<\/div>\n<\/div>\n<\/div>","excerpt":"<p>Grupa licealist\u00f3w znajduje przypominaj\u0105cy gwizdek aztecki artefakt. Dmuchni\u0119cie w niego przynosi \u015bmier\u0107. <\/p>","slug":"dzwiek-smierci-2","image":{"url":"https:\/\/www.kapitol-gryfice.pl\/wp-content\/uploads\/2026\/02\/dzwiek-smierci.jpg","id":20071,"extension":"jpg","width":384,"height":549,"filesize":74815,"sizes":{"medium":{"width":210,"height":300,"mime-type":"image\/jpeg","filesize":18471,"url":"https:\/\/www.kapitol-gryfice.pl\/wp-content\/uploads\/2026\/02\/dzwiek-smierci-210x300.jpg"},"thumbnail":{"width":150,"height":150,"mime-type":"image\/jpeg","filesize":9652,"url":"https:\/\/www.kapitol-gryfice.pl\/wp-content\/uploads\/2026\/02\/dzwiek-smierci-150x150.jpg"},"post-thumbnail":{"width":384,"height":500,"mime-type":"image\/jpeg","filesize":44235,"url":"https:\/\/www.kapitol-gryfice.pl\/wp-content\/uploads\/2026\/02\/dzwiek-smierci-384x500.jpg"},"cmsmasters-small-thumb":{"width":70,"height":70,"mime-type":"image\/jpeg","filesize":5219,"url":"https:\/\/www.kapitol-gryfice.pl\/wp-content\/uploads\/2026\/02\/dzwiek-smierci-70x70.jpg"},"cmsmasters-square-thumb":{"width":300,"height":300,"mime-type":"image\/jpeg","filesize":23351,"url":"https:\/\/www.kapitol-gryfice.pl\/wp-content\/uploads\/2026\/02\/dzwiek-smierci-300x300.jpg"},"cmsmasters-blog-masonry-thumb":{"width":360,"height":360,"mime-type":"image\/jpeg","filesize":30533,"url":"https:\/\/www.kapitol-gryfice.pl\/wp-content\/uploads\/2026\/02\/dzwiek-smierci-360x360.jpg"},"cmsmasters-project-grid-thumb":{"width":384,"height":340,"mime-type":"image\/jpeg","filesize":33864,"url":"https:\/\/www.kapitol-gryfice.pl\/wp-content\/uploads\/2026\/02\/dzwiek-smierci-384x340.jpg"}}},"all_day":false,"start_date":"2026-02-28 19:00:00","start_date_details":{"year":"2026","month":"02","day":"28","hour":"19","minutes":"00","seconds":"00"},"end_date":"2026-02-28 20:30:00","end_date_details":{"year":"2026","month":"02","day":"28","hour":"20","minutes":"30","seconds":"00"},"utc_start_date":"2026-02-28 18:00:00","utc_start_date_details":{"year":"2026","month":"02","day":"28","hour":"18","minutes":"00","seconds":"00"},"utc_end_date":"2026-02-28 19:30:00","utc_end_date_details":{"year":"2026","month":"02","day":"28","hour":"19","minutes":"30","seconds":"00"},"timezone":"Europe\/Warsaw","timezone_abbr":"CET","cost":"","cost_details":{"currency_symbol":"z\u0142","currency_code":"PLN","currency_position":"prefix","values":[]},"website":"","show_map":false,"show_map_link":false,"hide_from_listings":false,"sticky":false,"featured":false,"categories":[{"name":"Horror","slug":"horror","term_group":0,"term_taxonomy_id":62,"taxonomy":"tribe_events_cat","description":"","parent":0,"count":89,"filter":"raw","id":62,"urls":{"self":"https:\/\/www.kapitol-gryfice.pl\/en\/wp-json\/tribe\/events\/v1\/categories\/62","collection":"https:\/\/www.kapitol-gryfice.pl\/en\/wp-json\/tribe\/events\/v1\/categories"}}],"tags":[],"venue":[],"organizer":[],"json_ld":{"@context":"http:\/\/schema.org","@type":"Event","name":"D\u017awi\u0119k \u015bmierci","description":"&lt;p&gt;Grupa licealist\u00f3w znajduje przypominaj\u0105cy gwizdek aztecki artefakt. Dmuchni\u0119cie w niego przynosi \u015bmier\u0107. &lt;\/p&gt;\\n","image":"https:\/\/www.kapitol-gryfice.pl\/wp-content\/uploads\/2026\/02\/dzwiek-smierci.jpg","url":"https:\/\/www.kapitol-gryfice.pl\/en\/film\/dzwiek-smierci-2\/","eventAttendanceMode":"https:\/\/schema.org\/OfflineEventAttendanceMode","eventStatus":"https:\/\/schema.org\/EventScheduled","startDate":"2026-02-28T19:00:00+01:00","endDate":"2026-02-28T20:30:00+01:00","performer":"Organization"},"is_virtual":false,"virtual_url":null,"virtual_video_source":""}