{"id":19822,"global_id":"www.kapitol-gryfice.pl\/en\/?id=19822","global_id_lineage":["www.kapitol-gryfice.pl\/en\/?id=19822"],"author":"1","status":"publish","date":"2026-01-18 15:18:49","date_utc":"2026-01-18 14:18:49","modified":"2026-01-18 15:18:49","modified_utc":"2026-01-18 14:18:49","url":"https:\/\/www.kapitol-gryfice.pl\/en\/film\/polnoc\/","rest_url":"https:\/\/www.kapitol-gryfice.pl\/en\/wp-json\/tribe\/events\/v1\/events\/19822","title":"P\u00f3\u0142noc","description":"<div id=\"cmsmasters_row_\" class=\"cmsmasters_row cmsmasters_color_scheme_default cmsmasters_row_top_default cmsmasters_row_bot_default cmsmasters_row_boxed\">\n<div class=\"cmsmasters_row_outer_parent\">\n<div class=\"cmsmasters_row_outer\">\n<div class=\"cmsmasters_row_inner\">\n<div class=\"cmsmasters_row_margin\">\n<div id=\"cmsmasters_column_\" class=\"cmsmasters_column one_first\">\n<div class=\"cmsmasters_column_inner\"><div class=\"cmsmasters_text\">\n<\/div>\n<\/div><\/div>\n<\/div>\n<\/div>\n<\/div>\n<\/div>\n<\/div>\n<div id=\"cmsmasters_row_\" class=\"cmsmasters_row cmsmasters_color_scheme_default cmsmasters_row_top_default cmsmasters_row_bot_default cmsmasters_row_boxed\">\n<div class=\"cmsmasters_row_outer_parent\">\n<div class=\"cmsmasters_row_outer\">\n<div class=\"cmsmasters_row_inner\">\n<div class=\"cmsmasters_row_margin\">\n<div id=\"cmsmasters_column_\" class=\"cmsmasters_column one_first\">\n<div class=\"cmsmasters_column_inner\"><div class=\"cmsmasters_text\">\n<h3>Opis filmu<\/h3>\n<div class=\"summary\">\n<p>Gerda musi wyruszy\u0107 ku wielkiemu ch\u0142odowi mrocznej krainy P\u00f3\u0142nocy. Jej przyjaciel Kaj znikn\u0105\u0142 porwany przez Kr\u00f3low\u0105 \u015aniegu.<\/p>\n<p>Podczas swej wyprawy ratunkowej, Gerda pozna wielu przyjaci\u00f3\u0142, kt\u00f3rzy pomog\u0105 jej w starciu ze z\u0142\u0105 kr\u00f3low\u0105 oraz jej diabolicznym pomocnikiem.<\/p>\n<p>Tylko czy to wystarczy aby Kaj i Gerda wr\u00f3cili bezpiecznie do domu na \u015awi\u0119ta?<\/p>\n<p>Fascynuj\u0105ca, zimowa przygoda dla ca\u0142ej rodziny. Inspirowana klasyczn\u0105 ba\u015bni\u0105 autorstwa Hansa Christiana Andersena.<\/p>\n<\/div>\n<\/div>\n<\/div><\/div>\n<\/div>\n<\/div>\n<\/div>\n<\/div>\n<\/div>\n<div id=\"cmsmasters_row_xnkpwke0rq\" class=\"cmsmasters_row cmsmasters_color_scheme_default cmsmasters_row_top_default cmsmasters_row_bot_default cmsmasters_row_boxed\">\n<div class=\"cmsmasters_row_outer_parent\">\n<div class=\"cmsmasters_row_outer\">\n<div class=\"cmsmasters_row_inner\">\n<div class=\"cmsmasters_row_margin\">\n<div id=\"cmsmasters_column_a8olfl2p75\" class=\"cmsmasters_column one_half\">\n<div class=\"cmsmasters_column_inner\"><div class=\"cmsmasters_text\">\n<h3>Re\u017cyseria:<\/h3>\n<p>Bente Lohne<\/p>\n<\/div>\n<\/div><\/div>\n<div id=\"cmsmasters_column_kca7kfnwbk\" class=\"cmsmasters_column one_half\">\n<div class=\"cmsmasters_column_inner\"><div class=\"cmsmasters_text\">\n<h3>Czas:<\/h3>\n<p>1h 25min<\/p>\n<h3>Gatunek:<\/h3>\n<p>familijny<\/p>\n<\/div>\n<\/div><\/div>\n<\/div>\n<\/div>\n<\/div>\n<\/div>\n<\/div>","excerpt":"<p>Gdy jej najlepszy przyjaciel znika bez \u015bladu, odwa\u017cna Gerda wyrusza na p\u00f3\u0142noc, by go odnale\u017a\u0107. W towarzystwie wiernych sprzymierze\u0144c\u00f3w stawia czo\u0142a Kr\u00f3lowej \u015aniegu, kt\u00f3ra wi\u0119zi Kaia w lodowym pa\u0142acu.<\/p>","slug":"polnoc","image":{"url":"https:\/\/www.kapitol-gryfice.pl\/wp-content\/uploads\/2026\/01\/polnoc.jpg","id":19823,"extension":"jpg","width":384,"height":549,"filesize":132078,"sizes":{"medium":{"width":210,"height":300,"mime-type":"image\/jpeg","filesize":27915,"url":"https:\/\/www.kapitol-gryfice.pl\/wp-content\/uploads\/2026\/01\/polnoc-210x300.jpg"},"thumbnail":{"width":150,"height":150,"mime-type":"image\/jpeg","filesize":13919,"url":"https:\/\/www.kapitol-gryfice.pl\/wp-content\/uploads\/2026\/01\/polnoc-150x150.jpg"},"post-thumbnail":{"width":384,"height":500,"mime-type":"image\/jpeg","filesize":76728,"url":"https:\/\/www.kapitol-gryfice.pl\/wp-content\/uploads\/2026\/01\/polnoc-384x500.jpg"},"cmsmasters-small-thumb":{"width":70,"height":70,"mime-type":"image\/jpeg","filesize":6253,"url":"https:\/\/www.kapitol-gryfice.pl\/wp-content\/uploads\/2026\/01\/polnoc-70x70.jpg"},"cmsmasters-square-thumb":{"width":300,"height":300,"mime-type":"image\/jpeg","filesize":38312,"url":"https:\/\/www.kapitol-gryfice.pl\/wp-content\/uploads\/2026\/01\/polnoc-300x300.jpg"},"cmsmasters-blog-masonry-thumb":{"width":360,"height":360,"mime-type":"image\/jpeg","filesize":50286,"url":"https:\/\/www.kapitol-gryfice.pl\/wp-content\/uploads\/2026\/01\/polnoc-360x360.jpg"},"cmsmasters-project-grid-thumb":{"width":384,"height":340,"mime-type":"image\/jpeg","filesize":57682,"url":"https:\/\/www.kapitol-gryfice.pl\/wp-content\/uploads\/2026\/01\/polnoc-384x340.jpg"}}},"all_day":false,"start_date":"2026-02-06 11:00:00","start_date_details":{"year":"2026","month":"02","day":"06","hour":"11","minutes":"00","seconds":"00"},"end_date":"2026-02-06 12:30:00","end_date_details":{"year":"2026","month":"02","day":"06","hour":"12","minutes":"30","seconds":"00"},"utc_start_date":"2026-02-06 10:00:00","utc_start_date_details":{"year":"2026","month":"02","day":"06","hour":"10","minutes":"00","seconds":"00"},"utc_end_date":"2026-02-06 11:30:00","utc_end_date_details":{"year":"2026","month":"02","day":"06","hour":"11","minutes":"30","seconds":"00"},"timezone":"Europe\/Warsaw","timezone_abbr":"CET","cost":"","cost_details":{"currency_symbol":"z\u0142","currency_code":"PLN","currency_position":"prefix","values":[]},"website":"","show_map":false,"show_map_link":false,"hide_from_listings":false,"sticky":false,"featured":false,"categories":[{"name":"Familijny","slug":"familijny","term_group":0,"term_taxonomy_id":59,"taxonomy":"tribe_events_cat","description":"","parent":0,"count":793,"filter":"raw","id":59,"urls":{"self":"https:\/\/www.kapitol-gryfice.pl\/en\/wp-json\/tribe\/events\/v1\/categories\/59","collection":"https:\/\/www.kapitol-gryfice.pl\/en\/wp-json\/tribe\/events\/v1\/categories"}}],"tags":[],"venue":[],"organizer":[],"json_ld":{"@context":"http:\/\/schema.org","@type":"Event","name":"P\u00f3\u0142noc","description":"&lt;p&gt;Gdy jej najlepszy przyjaciel znika bez \u015bladu, odwa\u017cna Gerda wyrusza na p\u00f3\u0142noc, by go odnale\u017a\u0107. W towarzystwie wiernych sprzymierze\u0144c\u00f3w stawia czo\u0142a Kr\u00f3lowej \u015aniegu, kt\u00f3ra wi\u0119zi Kaia w lodowym pa\u0142acu.&lt;\/p&gt;\\n","image":"https:\/\/www.kapitol-gryfice.pl\/wp-content\/uploads\/2026\/01\/polnoc.jpg","url":"https:\/\/www.kapitol-gryfice.pl\/en\/film\/polnoc\/","eventAttendanceMode":"https:\/\/schema.org\/OfflineEventAttendanceMode","eventStatus":"https:\/\/schema.org\/EventScheduled","startDate":"2026-02-06T11:00:00+01:00","endDate":"2026-02-06T12:30:00+01:00","performer":"Organization"},"is_virtual":false,"virtual_url":null,"virtual_video_source":""}