{"id":19651,"global_id":"www.kapitol-gryfice.pl\/en\/?id=19651","global_id_lineage":["www.kapitol-gryfice.pl\/en\/?id=19651"],"author":"1","status":"publish","date":"2026-01-04 12:01:41","date_utc":"2026-01-04 11:01:41","modified":"2026-01-04 12:01:41","modified_utc":"2026-01-04 11:01:41","url":"https:\/\/www.kapitol-gryfice.pl\/en\/film\/28-lat-pozniej-czesc-2-swiatynia-kosci\/","rest_url":"https:\/\/www.kapitol-gryfice.pl\/en\/wp-json\/tribe\/events\/v1\/events\/19651","title":"28 lat p\u00f3\u017aniej &#8211; Cz\u0119\u015b\u0107 2: \u015awi\u0105tynia ko\u015bci","description":"<div id=\"cmsmasters_row_\" class=\"cmsmasters_row cmsmasters_color_scheme_default cmsmasters_row_top_default cmsmasters_row_bot_default cmsmasters_row_boxed\">\n<div class=\"cmsmasters_row_outer_parent\">\n<div class=\"cmsmasters_row_outer\">\n<div class=\"cmsmasters_row_inner\">\n<div class=\"cmsmasters_row_margin\">\n<div id=\"cmsmasters_column_\" class=\"cmsmasters_column one_first\">\n<div class=\"cmsmasters_column_inner\"><div class=\"cmsmasters_text\">\n<\/div>\n<\/div><\/div>\n<\/div>\n<\/div>\n<\/div>\n<\/div>\n<\/div>\n<div id=\"cmsmasters_row_\" class=\"cmsmasters_row cmsmasters_color_scheme_default cmsmasters_row_top_default cmsmasters_row_bot_default cmsmasters_row_boxed\">\n<div class=\"cmsmasters_row_outer_parent\">\n<div class=\"cmsmasters_row_outer\">\n<div class=\"cmsmasters_row_inner\">\n<div class=\"cmsmasters_row_margin\">\n<div id=\"cmsmasters_column_\" class=\"cmsmasters_column one_first\">\n<div class=\"cmsmasters_column_inner\"><div class=\"cmsmasters_text\">\n<h3>Opis filmu<\/h3>\n<div class=\"summary\">\n<p>W kontynuacji epickiej opowie\u015bci dr Kelson (Ralph Fiennes) znajduje si\u0119 w trudnych okoliczno\u015bciach, kt\u00f3rych konsekwencje mog\u0105 zmieni\u0107 \u015bwiat, jaki zna. Spotkanie Spike&#8217;a (Alfie Williams) z Jimmym Crystalem (Jack O&#8217;Connell) staje si\u0119 koszmarem, od kt\u00f3rego nie mo\u017ce uciec. W \u015bwiecie \u015awi\u0105tyni Ko\u015bci zara\u017ceni nie s\u0105 ju\u017c najwi\u0119kszym zagro\u017ceniem dla przetrwania &#8211; nieludzko\u015b\u0107 ocala\u0142ych mo\u017ce by\u0107 dziwniejsza i bardziej przera\u017caj\u0105ca.<\/p>\n<\/div>\n<\/div>\n<\/div><\/div>\n<\/div>\n<\/div>\n<\/div>\n<\/div>\n<\/div>\n<div id=\"cmsmasters_row_xnkpwke0rq\" class=\"cmsmasters_row cmsmasters_color_scheme_default cmsmasters_row_top_default cmsmasters_row_bot_default cmsmasters_row_boxed\">\n<div class=\"cmsmasters_row_outer_parent\">\n<div class=\"cmsmasters_row_outer\">\n<div class=\"cmsmasters_row_inner\">\n<div class=\"cmsmasters_row_margin\">\n<div id=\"cmsmasters_column_a8olfl2p75\" class=\"cmsmasters_column one_half\">\n<div class=\"cmsmasters_column_inner\"><div class=\"cmsmasters_text\">\n<h3>Re\u017cyseria:<\/h3>\n<p>Nia DaCosta<\/p>\n<h3>Obsada:<\/h3>\n<p>Ralph Fiennes, Alfie Williams, Jack O&#8217;Connell<\/p>\n<\/div>\n<\/div><\/div>\n<div id=\"cmsmasters_column_kca7kfnwbk\" class=\"cmsmasters_column one_half\">\n<div class=\"cmsmasters_column_inner\"><div class=\"cmsmasters_text\">\n<h3>Czas:<\/h3>\n<p>1h 49 min<\/p>\n<h3>Gatunek:<\/h3>\n<p>horror<\/p>\n<\/div>\n<\/div><\/div>\n<\/div>\n<\/div>\n<\/div>\n<\/div>\n<\/div>\n<div id=\"cmsmasters_row_2xu4d79zjm\" class=\"cmsmasters_row cmsmasters_color_scheme_default cmsmasters_row_top_default cmsmasters_row_bot_default cmsmasters_row_boxed\">\n<div class=\"cmsmasters_row_outer_parent\">\n<div class=\"cmsmasters_row_outer\">\n<div class=\"cmsmasters_row_inner\">\n<div class=\"cmsmasters_row_margin\">\n<div id=\"cmsmasters_column_w1osv0lht\" class=\"cmsmasters_column one_first\">\n<div class=\"cmsmasters_column_inner\"><div class=\"cmsmasters_embed_wrap\">\n<iframe loading=\"lazy\" title=\"28 lat p\u00f3\u017aniej - cz\u0119\u015b\u0107 2: \u015awi\u0105tynia Ko\u015bci - nowy zwiastun\" width=\"1160\" height=\"653\" src=\"https:\/\/www.youtube.com\/embed\/HWLtLRKJdh4?feature=oembed\" frameborder=\"0\" allow=\"accelerometer; autoplay; clipboard-write; encrypted-media; gyroscope; picture-in-picture; web-share\" referrerpolicy=\"strict-origin-when-cross-origin\" allowfullscreen><\/iframe><\/div>\n<\/div><\/div>\n<\/div>\n<\/div>\n<\/div>\n<\/div>\n<\/div>\n<div id=\"cmsmasters_row_\" class=\"cmsmasters_row cmsmasters_color_scheme_default cmsmasters_row_top_default cmsmasters_row_bot_default cmsmasters_row_boxed\">\n<div class=\"cmsmasters_row_outer_parent\">\n<div class=\"cmsmasters_row_outer\">\n<div class=\"cmsmasters_row_inner\">\n<div class=\"cmsmasters_row_margin\">\n<div id=\"cmsmasters_column_\" class=\"cmsmasters_column one_first\">\n<div class=\"cmsmasters_column_inner\"><div class=\"cmsmasters_text\">\n<\/div>\n<\/div><\/div>\n<\/div>\n<\/div>\n<\/div>\n<\/div>\n<\/div>","excerpt":"<p>Kelson staje wobec katastrofy mog\u0105cej odmieni\u0107 \u015bwiat, a Spike wpada w pu\u0142apk\u0119 Jimmy\u2019ego. W \u015awi\u0105tyni Ko\u015bci to nie zara\u017ceni, lecz okrutni ocalali okazuj\u0105 si\u0119 najwi\u0119kszym zagro\u017ceniem.<\/p>","slug":"28-lat-pozniej-czesc-2-swiatynia-kosci","image":{"url":"https:\/\/www.kapitol-gryfice.pl\/wp-content\/uploads\/2026\/01\/28lat-swiatynia.jpg","id":19638,"extension":"jpg","width":384,"height":549,"filesize":115618,"sizes":{"medium":{"width":210,"height":300,"mime-type":"image\/jpeg","filesize":25947,"url":"https:\/\/www.kapitol-gryfice.pl\/wp-content\/uploads\/2026\/01\/28lat-swiatynia-210x300.jpg"},"thumbnail":{"width":150,"height":150,"mime-type":"image\/jpeg","filesize":12547,"url":"https:\/\/www.kapitol-gryfice.pl\/wp-content\/uploads\/2026\/01\/28lat-swiatynia-150x150.jpg"},"post-thumbnail":{"width":384,"height":500,"mime-type":"image\/jpeg","filesize":65054,"url":"https:\/\/www.kapitol-gryfice.pl\/wp-content\/uploads\/2026\/01\/28lat-swiatynia-384x500.jpg"},"cmsmasters-small-thumb":{"width":70,"height":70,"mime-type":"image\/jpeg","filesize":5982,"url":"https:\/\/www.kapitol-gryfice.pl\/wp-content\/uploads\/2026\/01\/28lat-swiatynia-70x70.jpg"},"cmsmasters-square-thumb":{"width":300,"height":300,"mime-type":"image\/jpeg","filesize":32791,"url":"https:\/\/www.kapitol-gryfice.pl\/wp-content\/uploads\/2026\/01\/28lat-swiatynia-300x300.jpg"},"cmsmasters-blog-masonry-thumb":{"width":360,"height":360,"mime-type":"image\/jpeg","filesize":42517,"url":"https:\/\/www.kapitol-gryfice.pl\/wp-content\/uploads\/2026\/01\/28lat-swiatynia-360x360.jpg"},"cmsmasters-project-grid-thumb":{"width":384,"height":340,"mime-type":"image\/jpeg","filesize":46665,"url":"https:\/\/www.kapitol-gryfice.pl\/wp-content\/uploads\/2026\/01\/28lat-swiatynia-384x340.jpg"}}},"all_day":false,"start_date":"2026-01-16 19:00:00","start_date_details":{"year":"2026","month":"01","day":"16","hour":"19","minutes":"00","seconds":"00"},"end_date":"2026-01-16 20:30:00","end_date_details":{"year":"2026","month":"01","day":"16","hour":"20","minutes":"30","seconds":"00"},"utc_start_date":"2026-01-16 18:00:00","utc_start_date_details":{"year":"2026","month":"01","day":"16","hour":"18","minutes":"00","seconds":"00"},"utc_end_date":"2026-01-16 19:30:00","utc_end_date_details":{"year":"2026","month":"01","day":"16","hour":"19","minutes":"30","seconds":"00"},"timezone":"Europe\/Warsaw","timezone_abbr":"CET","cost":"","cost_details":{"currency_symbol":"z\u0142","currency_code":"PLN","currency_position":"prefix","values":[]},"website":"","show_map":false,"show_map_link":false,"hide_from_listings":false,"sticky":false,"featured":false,"categories":[{"name":"Horror","slug":"horror","term_group":0,"term_taxonomy_id":62,"taxonomy":"tribe_events_cat","description":"","parent":0,"count":89,"filter":"raw","id":62,"urls":{"self":"https:\/\/www.kapitol-gryfice.pl\/en\/wp-json\/tribe\/events\/v1\/categories\/62","collection":"https:\/\/www.kapitol-gryfice.pl\/en\/wp-json\/tribe\/events\/v1\/categories"}}],"tags":[],"venue":[],"organizer":[],"json_ld":{"@context":"http:\/\/schema.org","@type":"Event","name":"28 lat p\u00f3\u017aniej &#8211; Cz\u0119\u015b\u0107 2: \u015awi\u0105tynia ko\u015bci","description":"&lt;p&gt;Kelson staje wobec katastrofy mog\u0105cej odmieni\u0107 \u015bwiat, a Spike wpada w pu\u0142apk\u0119 Jimmy\u2019ego. W \u015awi\u0105tyni Ko\u015bci to nie zara\u017ceni, lecz okrutni ocalali okazuj\u0105 si\u0119 najwi\u0119kszym zagro\u017ceniem.&lt;\/p&gt;\\n","image":"https:\/\/www.kapitol-gryfice.pl\/wp-content\/uploads\/2026\/01\/28lat-swiatynia.jpg","url":"https:\/\/www.kapitol-gryfice.pl\/en\/film\/28-lat-pozniej-czesc-2-swiatynia-kosci\/","eventAttendanceMode":"https:\/\/schema.org\/OfflineEventAttendanceMode","eventStatus":"https:\/\/schema.org\/EventScheduled","startDate":"2026-01-16T19:00:00+01:00","endDate":"2026-01-16T20:30:00+01:00","performer":"Organization"},"is_virtual":false,"virtual_url":null,"virtual_video_source":""}