{"id":19628,"global_id":"www.kapitol-gryfice.pl\/en\/?id=19628","global_id_lineage":["www.kapitol-gryfice.pl\/en\/?id=19628"],"author":"1","status":"publish","date":"2026-01-04 11:40:37","date_utc":"2026-01-04 10:40:37","modified":"2026-01-04 11:54:22","modified_utc":"2026-01-04 10:54:22","url":"https:\/\/www.kapitol-gryfice.pl\/en\/film\/dziki-5\/","rest_url":"https:\/\/www.kapitol-gryfice.pl\/en\/wp-json\/tribe\/events\/v1\/events\/19628","title":"Dziki","description":"<div id=\"cmsmasters_row_\" class=\"cmsmasters_row cmsmasters_color_scheme_default cmsmasters_row_top_default cmsmasters_row_bot_default cmsmasters_row_boxed\">\n<div class=\"cmsmasters_row_outer_parent\">\n<div class=\"cmsmasters_row_outer\">\n<div class=\"cmsmasters_row_inner\">\n<div class=\"cmsmasters_row_margin\">\n<div id=\"cmsmasters_column_\" class=\"cmsmasters_column one_first\">\n<div class=\"cmsmasters_column_inner\"><div class=\"cmsmasters_text\">\n<\/div>\n<\/div><\/div>\n<\/div>\n<\/div>\n<\/div>\n<\/div>\n<\/div>\n<div id=\"cmsmasters_row_\" class=\"cmsmasters_row cmsmasters_color_scheme_default cmsmasters_row_top_default cmsmasters_row_bot_default cmsmasters_row_boxed\">\n<div class=\"cmsmasters_row_outer_parent\">\n<div class=\"cmsmasters_row_outer\">\n<div class=\"cmsmasters_row_inner\">\n<div class=\"cmsmasters_row_margin\">\n<div id=\"cmsmasters_column_\" class=\"cmsmasters_column one_first\">\n<div class=\"cmsmasters_column_inner\"><div class=\"cmsmasters_text\">\n<h3>Opis filmu<\/h3>\n<div class=\"summary\">\n<p>Historia &#8220;Dzikiego&#8221; przenosi widz\u00f3w w \u015bwiat, gdzie mit splata si\u0119 z histori\u0105 &#8211; w tajemnicze, majestatyczne Karpaty XVII wieku. W centrum opowie\u015bci stoi p\u00f3\u0142dziki, niemy wojownik &#8211; wychowany zar\u00f3wno przez zwierz\u0119ta, jak i ludzi g\u00f3r. Jego los splata si\u0119 z brutaln\u0105 misj\u0105 cesarskiego inkwizytora, kt\u00f3ry pod pretekstem odzyskania skradzionych papieskich insygni\u00f3w rozp\u0119tuje krwaw\u0105 zemst\u0119. Na tle monumentalnych g\u00f3r rodzi si\u0119 pojedynek dw\u00f3ch \u015bwiat\u00f3w &#8211; natury i cywilizacji, wolno\u015bci i fanatyzmu, instynktu i w\u0142adzy.<\/p>\n<\/div>\n<\/div>\n<\/div><\/div>\n<\/div>\n<\/div>\n<\/div>\n<\/div>\n<\/div>\n<div id=\"cmsmasters_row_xnkpwke0rq\" class=\"cmsmasters_row cmsmasters_color_scheme_default cmsmasters_row_top_default cmsmasters_row_bot_default cmsmasters_row_boxed\">\n<div class=\"cmsmasters_row_outer_parent\">\n<div class=\"cmsmasters_row_outer\">\n<div class=\"cmsmasters_row_inner\">\n<div class=\"cmsmasters_row_margin\">\n<div id=\"cmsmasters_column_a8olfl2p75\" class=\"cmsmasters_column one_half\">\n<div class=\"cmsmasters_column_inner\"><div class=\"cmsmasters_text\">\n<h3>Re\u017cyseria:<\/h3>\n<p>Maciej Kawulski<\/p>\n<h3>Obsada:<\/h3>\n<p>Tomasz W\u0142osok, Leszek Lichota, Agata Buzek, Zofia Jastrz\u0119bska<\/p>\n<\/div>\n<\/div><\/div>\n<div id=\"cmsmasters_column_kca7kfnwbk\" class=\"cmsmasters_column one_half\">\n<div class=\"cmsmasters_column_inner\"><div class=\"cmsmasters_text\">\n<h3>Czas:<\/h3>\n<p>2h 13 min<\/p>\n<h3>Gatunek:<\/h3>\n<p>dramat<\/p>\n<\/div>\n<\/div><\/div>\n<\/div>\n<\/div>\n<\/div>\n<\/div>\n<\/div>\n<div id=\"cmsmasters_row_2xu4d79zjm\" class=\"cmsmasters_row cmsmasters_color_scheme_default cmsmasters_row_top_default cmsmasters_row_bot_default cmsmasters_row_boxed\">\n<div class=\"cmsmasters_row_outer_parent\">\n<div class=\"cmsmasters_row_outer\">\n<div class=\"cmsmasters_row_inner\">\n<div class=\"cmsmasters_row_margin\">\n<div id=\"cmsmasters_column_w1osv0lht\" class=\"cmsmasters_column one_first\">\n<div class=\"cmsmasters_column_inner\"><div class=\"cmsmasters_embed_wrap\">\n<iframe loading=\"lazy\" title=\"DZIKI | Pierwszy Zwiastun\" width=\"1160\" height=\"653\" src=\"https:\/\/www.youtube.com\/embed\/DU6LKYMPNqU?feature=oembed\" frameborder=\"0\" allow=\"accelerometer; autoplay; clipboard-write; encrypted-media; gyroscope; picture-in-picture; web-share\" referrerpolicy=\"strict-origin-when-cross-origin\" allowfullscreen><\/iframe><\/div>\n<\/div><\/div>\n<\/div>\n<\/div>\n<\/div>\n<\/div>\n<\/div>\n<div id=\"cmsmasters_row_\" class=\"cmsmasters_row cmsmasters_color_scheme_default cmsmasters_row_top_default cmsmasters_row_bot_default cmsmasters_row_boxed\">\n<div class=\"cmsmasters_row_outer_parent\">\n<div class=\"cmsmasters_row_outer\">\n<div class=\"cmsmasters_row_inner\">\n<div class=\"cmsmasters_row_margin\">\n<div id=\"cmsmasters_column_\" class=\"cmsmasters_column one_first\">\n<div class=\"cmsmasters_column_inner\"><div class=\"cmsmasters_text\">\n<\/div>\n<\/div><\/div>\n<\/div>\n<\/div>\n<\/div>\n<\/div>\n<\/div>","excerpt":"<p>Prequel legendy o Janosiku.<\/p>","slug":"dziki-5","image":{"url":"https:\/\/www.kapitol-gryfice.pl\/wp-content\/uploads\/2026\/01\/Dziki-plakat.jpg","id":19578,"extension":"jpg","width":384,"height":549,"filesize":135557,"sizes":{"medium":{"width":210,"height":300,"mime-type":"image\/jpeg","filesize":27644,"url":"https:\/\/www.kapitol-gryfice.pl\/wp-content\/uploads\/2026\/01\/Dziki-plakat-210x300.jpg"},"thumbnail":{"width":150,"height":150,"mime-type":"image\/jpeg","filesize":13100,"url":"https:\/\/www.kapitol-gryfice.pl\/wp-content\/uploads\/2026\/01\/Dziki-plakat-150x150.jpg"},"post-thumbnail":{"width":384,"height":500,"mime-type":"image\/jpeg","filesize":83023,"url":"https:\/\/www.kapitol-gryfice.pl\/wp-content\/uploads\/2026\/01\/Dziki-plakat-384x500.jpg"},"cmsmasters-small-thumb":{"width":70,"height":70,"mime-type":"image\/jpeg","filesize":5950,"url":"https:\/\/www.kapitol-gryfice.pl\/wp-content\/uploads\/2026\/01\/Dziki-plakat-70x70.jpg"},"cmsmasters-square-thumb":{"width":300,"height":300,"mime-type":"image\/jpeg","filesize":37851,"url":"https:\/\/www.kapitol-gryfice.pl\/wp-content\/uploads\/2026\/01\/Dziki-plakat-300x300.jpg"},"cmsmasters-blog-masonry-thumb":{"width":360,"height":360,"mime-type":"image\/jpeg","filesize":50505,"url":"https:\/\/www.kapitol-gryfice.pl\/wp-content\/uploads\/2026\/01\/Dziki-plakat-360x360.jpg"},"cmsmasters-project-grid-thumb":{"width":384,"height":340,"mime-type":"image\/jpeg","filesize":59039,"url":"https:\/\/www.kapitol-gryfice.pl\/wp-content\/uploads\/2026\/01\/Dziki-plakat-384x340.jpg"}}},"all_day":false,"start_date":"2026-01-15 18:30:00","start_date_details":{"year":"2026","month":"01","day":"15","hour":"18","minutes":"30","seconds":"00"},"end_date":"2026-01-15 20:30:00","end_date_details":{"year":"2026","month":"01","day":"15","hour":"20","minutes":"30","seconds":"00"},"utc_start_date":"2026-01-15 17:30:00","utc_start_date_details":{"year":"2026","month":"01","day":"15","hour":"17","minutes":"30","seconds":"00"},"utc_end_date":"2026-01-15 19:30:00","utc_end_date_details":{"year":"2026","month":"01","day":"15","hour":"19","minutes":"30","seconds":"00"},"timezone":"Europe\/Warsaw","timezone_abbr":"CET","cost":"","cost_details":{"currency_symbol":"z\u0142","currency_code":"PLN","currency_position":"prefix","values":[]},"website":"","show_map":false,"show_map_link":false,"hide_from_listings":false,"sticky":false,"featured":false,"categories":[{"name":"Dramat","slug":"dramat","term_group":0,"term_taxonomy_id":46,"taxonomy":"tribe_events_cat","description":"","parent":0,"count":77,"filter":"raw","id":46,"urls":{"self":"https:\/\/www.kapitol-gryfice.pl\/en\/wp-json\/tribe\/events\/v1\/categories\/46","collection":"https:\/\/www.kapitol-gryfice.pl\/en\/wp-json\/tribe\/events\/v1\/categories"}}],"tags":[],"venue":[],"organizer":[],"json_ld":{"@context":"http:\/\/schema.org","@type":"Event","name":"Dziki","description":"&lt;p&gt;Prequel legendy o Janosiku.&lt;\/p&gt;\\n","image":"https:\/\/www.kapitol-gryfice.pl\/wp-content\/uploads\/2026\/01\/Dziki-plakat.jpg","url":"https:\/\/www.kapitol-gryfice.pl\/en\/film\/dziki-5\/","eventAttendanceMode":"https:\/\/schema.org\/OfflineEventAttendanceMode","eventStatus":"https:\/\/schema.org\/EventScheduled","startDate":"2026-01-15T18:30:00+01:00","endDate":"2026-01-15T20:30:00+01:00","performer":"Organization"},"is_virtual":false,"virtual_url":null,"virtual_video_source":""}