{"id":18572,"global_id":"www.kapitol-gryfice.pl\/en\/?id=18572","global_id_lineage":["www.kapitol-gryfice.pl\/en\/?id=18572"],"author":"1","status":"publish","date":"2025-09-07 12:37:33","date_utc":"2025-09-07 10:37:33","modified":"2025-09-07 12:37:33","modified_utc":"2025-09-07 10:37:33","url":"https:\/\/www.kapitol-gryfice.pl\/en\/film\/niesamowite-przygody-skarpetek-2-skarpetki-gora\/","rest_url":"https:\/\/www.kapitol-gryfice.pl\/en\/wp-json\/tribe\/events\/v1\/events\/18572","title":"Niesamowite przygody skarpetek 2. Skarpetki g\u00f3r\u0105!","description":"<div id=\"cmsmasters_row_\" class=\"cmsmasters_row cmsmasters_color_scheme_default cmsmasters_row_top_default cmsmasters_row_bot_default cmsmasters_row_boxed\">\n<div class=\"cmsmasters_row_outer_parent\">\n<div class=\"cmsmasters_row_outer\">\n<div class=\"cmsmasters_row_inner\">\n<div class=\"cmsmasters_row_margin\">\n<div id=\"cmsmasters_column_\" class=\"cmsmasters_column one_first\">\n<div class=\"cmsmasters_column_inner\"><div class=\"cmsmasters_text\">\n<h3>Opis filmu<\/h3>\n<div class=\"summary\">\n<p>Czy skarpetka mo\u017ce zosta\u0107 s\u0142awn\u0105 aktork\u0105, nagradzanym sportowcem, albo uratowa\u0107 komu\u015b \u017cycie? Oczywi\u015bcie, \u017ce tak! Je\u017celi my\u015bleli\u015bcie, \u017ce miejsce skarpetek jest na naszych stopach i w szufladach, to jeste\u015bcie w grubym b\u0142\u0119dzie! One te\u017c maj\u0105 marzenia i kiedy tylko nadarza si\u0119 okazja, \u017c\u0105dne przyg\u00f3d, wyruszaj\u0105 w drog\u0119. Historie, kt\u00f3re prze\u017cywaj\u0105, s\u0105 pokr\u0119cone i pe\u0142ne niespodzianek. Niezale\u017cnie od trudno\u015bci, jakie napotkaj\u0105 na swojej drodze \u2013 skarpetki zawsze s\u0105 g\u00f3r\u0105!<\/p>\n<\/div>\n<\/div>\n<\/div><\/div>\n<\/div>\n<\/div>\n<\/div>\n<\/div>\n<\/div>\n<div id=\"cmsmasters_row_xnkpwke0rq\" class=\"cmsmasters_row cmsmasters_color_scheme_default cmsmasters_row_top_default cmsmasters_row_bot_default cmsmasters_row_boxed\">\n<div class=\"cmsmasters_row_outer_parent\">\n<div class=\"cmsmasters_row_outer\">\n<div class=\"cmsmasters_row_inner\">\n<div class=\"cmsmasters_row_margin\">\n<div id=\"cmsmasters_column_a8olfl2p75\" class=\"cmsmasters_column one_half\">\n<div class=\"cmsmasters_column_inner\"><div class=\"cmsmasters_text\">\n<h3>Re\u017cyseria:<\/h3>\n<p>El\u017cbieta W\u0105sik, Janusz Martyn; Piotr Giersz, Barbara Koniecka, Janusz Martyn, Agata Mikina, Marta Str\u00f3\u017cycka, Anna Wr\u00f3blewska-Dzwoniarek<\/p>\n<p>&nbsp;<\/p>\n<\/div>\n<\/div><\/div>\n<div id=\"cmsmasters_column_kca7kfnwbk\" class=\"cmsmasters_column one_half\">\n<div class=\"cmsmasters_column_inner\"><div class=\"cmsmasters_text\">\n<h3>Czas:<\/h3>\n<p>0h 54 min<\/p>\n<h3>Gatunek:<\/h3>\n<p>familijny<\/p>\n<\/div>\n<\/div><\/div>\n<\/div>\n<\/div>\n<\/div>\n<\/div>\n<\/div>\n<div id=\"cmsmasters_row_2xu4d79zjm\" class=\"cmsmasters_row cmsmasters_color_scheme_default cmsmasters_row_top_default cmsmasters_row_bot_default cmsmasters_row_boxed\">\n<div class=\"cmsmasters_row_outer_parent\">\n<div class=\"cmsmasters_row_outer\">\n<div class=\"cmsmasters_row_inner\">\n<div class=\"cmsmasters_row_margin\">\n<div id=\"cmsmasters_column_w1osv0lht\" class=\"cmsmasters_column one_first\">\n<div class=\"cmsmasters_column_inner\"><div class=\"cmsmasters_embed_wrap\">\n<iframe loading=\"lazy\" title=\"Niesamowite przygody skarpetek 2. Skarpetki g\u00f3r\u0105! | ZWIASTUN | w kinach od 12 wrze\u015bnia\" width=\"1160\" height=\"653\" src=\"https:\/\/www.youtube.com\/embed\/8gCpr9GkK9Q?feature=oembed\" frameborder=\"0\" allow=\"accelerometer; autoplay; clipboard-write; encrypted-media; gyroscope; picture-in-picture; web-share\" referrerpolicy=\"strict-origin-when-cross-origin\" allowfullscreen><\/iframe><\/div>\n<\/div><\/div>\n<\/div>\n<\/div>\n<\/div>\n<\/div>\n<\/div>","excerpt":"<p>Wielki powr\u00f3t skarpetek! Nietypowi bohaterzy bestsellerowych ksi\u0105\u017cek dla dzieci ponownie na wielkim ekranie w zupe\u0142nie nowych przygodach! Razem z nimi przebiegniemy ca\u0142y \u015bwiat, podbijemy Hollywood i sceny teatr\u00f3w oraz zostaniemy prawdziwymi herosami!<\/p>","slug":"niesamowite-przygody-skarpetek-2-skarpetki-gora","image":{"url":"https:\/\/www.kapitol-gryfice.pl\/wp-content\/uploads\/2025\/09\/Niesamowite-przygody-skarpetek-2-plakat.jpg","id":18573,"extension":"jpg","width":384,"height":549,"filesize":137135,"sizes":{"medium":{"width":210,"height":300,"mime-type":"image\/jpeg","filesize":32214,"url":"https:\/\/www.kapitol-gryfice.pl\/wp-content\/uploads\/2025\/09\/Niesamowite-przygody-skarpetek-2-plakat-210x300.jpg"},"thumbnail":{"width":150,"height":150,"mime-type":"image\/jpeg","filesize":15418,"url":"https:\/\/www.kapitol-gryfice.pl\/wp-content\/uploads\/2025\/09\/Niesamowite-przygody-skarpetek-2-plakat-150x150.jpg"},"post-thumbnail":{"width":384,"height":500,"mime-type":"image\/jpeg","filesize":82440,"url":"https:\/\/www.kapitol-gryfice.pl\/wp-content\/uploads\/2025\/09\/Niesamowite-przygody-skarpetek-2-plakat-384x500.jpg"},"cmsmasters-small-thumb":{"width":70,"height":70,"mime-type":"image\/jpeg","filesize":6745,"url":"https:\/\/www.kapitol-gryfice.pl\/wp-content\/uploads\/2025\/09\/Niesamowite-przygody-skarpetek-2-plakat-70x70.jpg"},"cmsmasters-square-thumb":{"width":300,"height":300,"mime-type":"image\/jpeg","filesize":40992,"url":"https:\/\/www.kapitol-gryfice.pl\/wp-content\/uploads\/2025\/09\/Niesamowite-przygody-skarpetek-2-plakat-300x300.jpg"},"cmsmasters-blog-masonry-thumb":{"width":360,"height":360,"mime-type":"image\/jpeg","filesize":51637,"url":"https:\/\/www.kapitol-gryfice.pl\/wp-content\/uploads\/2025\/09\/Niesamowite-przygody-skarpetek-2-plakat-360x360.jpg"},"cmsmasters-project-grid-thumb":{"width":384,"height":340,"mime-type":"image\/jpeg","filesize":55204,"url":"https:\/\/www.kapitol-gryfice.pl\/wp-content\/uploads\/2025\/09\/Niesamowite-przygody-skarpetek-2-plakat-384x340.jpg"}}},"all_day":false,"start_date":"2025-09-13 12:45:00","start_date_details":{"year":"2025","month":"09","day":"13","hour":"12","minutes":"45","seconds":"00"},"end_date":"2025-09-13 14:15:00","end_date_details":{"year":"2025","month":"09","day":"13","hour":"14","minutes":"15","seconds":"00"},"utc_start_date":"2025-09-13 10:45:00","utc_start_date_details":{"year":"2025","month":"09","day":"13","hour":"10","minutes":"45","seconds":"00"},"utc_end_date":"2025-09-13 12:15:00","utc_end_date_details":{"year":"2025","month":"09","day":"13","hour":"12","minutes":"15","seconds":"00"},"timezone":"Europe\/Warsaw","timezone_abbr":"CEST","cost":"","cost_details":{"currency_symbol":"z\u0142","currency_code":"PLN","currency_position":"prefix","values":[]},"website":"","show_map":false,"show_map_link":false,"hide_from_listings":false,"sticky":false,"featured":false,"categories":[{"name":"Familijny","slug":"familijny","term_group":0,"term_taxonomy_id":59,"taxonomy":"tribe_events_cat","description":"","parent":0,"count":805,"filter":"raw","id":59,"urls":{"self":"https:\/\/www.kapitol-gryfice.pl\/en\/wp-json\/tribe\/events\/v1\/categories\/59","collection":"https:\/\/www.kapitol-gryfice.pl\/en\/wp-json\/tribe\/events\/v1\/categories"}}],"tags":[],"venue":[],"organizer":[],"json_ld":{"@context":"http:\/\/schema.org","@type":"Event","name":"Niesamowite przygody skarpetek 2. Skarpetki g\u00f3r\u0105!","description":"&lt;p&gt;Wielki powr\u00f3t skarpetek! Nietypowi bohaterzy bestsellerowych ksi\u0105\u017cek dla dzieci ponownie na wielkim ekranie w zupe\u0142nie nowych przygodach! Razem z nimi przebiegniemy ca\u0142y \u015bwiat, podbijemy Hollywood i sceny teatr\u00f3w oraz zostaniemy prawdziwymi herosami!&lt;\/p&gt;\\n","image":"https:\/\/www.kapitol-gryfice.pl\/wp-content\/uploads\/2025\/09\/Niesamowite-przygody-skarpetek-2-plakat.jpg","url":"https:\/\/www.kapitol-gryfice.pl\/en\/film\/niesamowite-przygody-skarpetek-2-skarpetki-gora\/","eventAttendanceMode":"https:\/\/schema.org\/OfflineEventAttendanceMode","eventStatus":"https:\/\/schema.org\/EventScheduled","startDate":"2025-09-13T12:45:00+02:00","endDate":"2025-09-13T14:15:00+02:00","performer":"Organization"},"is_virtual":false,"virtual_url":null,"virtual_video_source":""}