{"id":18552,"global_id":"www.kapitol-gryfice.pl\/en\/?id=18552","global_id_lineage":["www.kapitol-gryfice.pl\/en\/?id=18552"],"author":"1","status":"publish","date":"2025-09-07 12:20:03","date_utc":"2025-09-07 10:20:03","modified":"2025-09-07 12:20:03","modified_utc":"2025-09-07 10:20:03","url":"https:\/\/www.kapitol-gryfice.pl\/en\/film\/dzieci-z-ulicy-srebrnej-10\/","rest_url":"https:\/\/www.kapitol-gryfice.pl\/en\/wp-json\/tribe\/events\/v1\/events\/18552","title":"Dzieci z ulicy Srebrnej","description":"<div id=\"cmsmasters_row_\" class=\"cmsmasters_row cmsmasters_color_scheme_default cmsmasters_row_top_default cmsmasters_row_bot_default cmsmasters_row_boxed\">\n<div class=\"cmsmasters_row_outer_parent\">\n<div class=\"cmsmasters_row_outer\">\n<div class=\"cmsmasters_row_inner\">\n<div class=\"cmsmasters_row_margin\">\n<div id=\"cmsmasters_column_\" class=\"cmsmasters_column one_first\">\n<div class=\"cmsmasters_column_inner\"><div class=\"cmsmasters_text\">\n<h3>Opis filmu<\/h3>\n<div class=\"summary\">\n<p>W sercu Kopenhagi, na ulicy S\u00f8lvgade, czworo rodze\u0144stwa staje przed niezwyk\u0142ym wyzwaniem &#8211; musz\u0105 ukry\u0107, \u017ce od roku \u017cyj\u0105 bez opieki doros\u0142ych po nag\u0142ym znikni\u0119ciu matki. Ich beztroskie dni pe\u0142ne swobody i zabawy zostaj\u0105 zagro\u017cone, gdy podejrzliwy inspektor szkolny zaczyna w\u0119szy\u0107 wok\u00f3\u0142 ich sytuacji rodzinnej. W desperackiej pr\u00f3bie zachowania swojego ma\u0142ego \u015bwiata dzieci wpadaj\u0105 na szalony pomys\u0142 zatrudnienia gospodyni.<\/p>\n<\/div>\n<\/div>\n<\/div><\/div>\n<\/div>\n<\/div>\n<\/div>\n<\/div>\n<\/div>\n<div id=\"cmsmasters_row_xnkpwke0rq\" class=\"cmsmasters_row cmsmasters_color_scheme_default cmsmasters_row_top_default cmsmasters_row_bot_default cmsmasters_row_boxed\">\n<div class=\"cmsmasters_row_outer_parent\">\n<div class=\"cmsmasters_row_outer\">\n<div class=\"cmsmasters_row_inner\">\n<div class=\"cmsmasters_row_margin\">\n<div id=\"cmsmasters_column_a8olfl2p75\" class=\"cmsmasters_column one_half\">\n<div class=\"cmsmasters_column_inner\"><div class=\"cmsmasters_text\">\n<h3>Re\u017cyseria:<\/h3>\n<p>Mehdi Avaz<\/p>\n<p>&nbsp;<\/p>\n<\/div>\n<\/div><\/div>\n<div id=\"cmsmasters_column_kca7kfnwbk\" class=\"cmsmasters_column one_half\">\n<div class=\"cmsmasters_column_inner\"><div class=\"cmsmasters_text\">\n<h3>Czas:<\/h3>\n<p>1h 42 min<\/p>\n<h3>Gatunek:<\/h3>\n<p>familijny<\/p>\n<\/div>\n<\/div><\/div>\n<\/div>\n<\/div>\n<\/div>\n<\/div>\n<\/div>\n<div id=\"cmsmasters_row_2xu4d79zjm\" class=\"cmsmasters_row cmsmasters_color_scheme_default cmsmasters_row_top_default cmsmasters_row_bot_default cmsmasters_row_boxed\">\n<div class=\"cmsmasters_row_outer_parent\">\n<div class=\"cmsmasters_row_outer\">\n<div class=\"cmsmasters_row_inner\">\n<div class=\"cmsmasters_row_margin\">\n<div id=\"cmsmasters_column_w1osv0lht\" class=\"cmsmasters_column one_first\">\n<div class=\"cmsmasters_column_inner\"><div class=\"cmsmasters_embed_wrap\">\n<iframe loading=\"lazy\" title=\"Dzieci z ulicy Srebrnej | polski zwiastun\" width=\"1160\" height=\"653\" src=\"https:\/\/www.youtube.com\/embed\/-Mu6qVmraC0?feature=oembed\" frameborder=\"0\" allow=\"accelerometer; autoplay; clipboard-write; encrypted-media; gyroscope; picture-in-picture; web-share\" referrerpolicy=\"strict-origin-when-cross-origin\" allowfullscreen><\/iframe><\/div>\n<\/div><\/div>\n<\/div>\n<\/div>\n<\/div>\n<\/div>\n<\/div>","excerpt":"<p>Czworo dzieci, kt\u00f3re od roku mieszka samodzielnie w domu po tajemniczym znikni\u0119ciu ich matki, zatrudnia nietypow\u0105 gospodyni\u0119, aby unikn\u0105\u0107 rozdzielenia i umieszczenia w sieroci\u0144cu.<\/p>","slug":"dzieci-z-ulicy-srebrnej-10","image":{"url":"https:\/\/www.kapitol-gryfice.pl\/wp-content\/uploads\/2025\/09\/dzieci-z-ul-srebrnej.jpg","id":18515,"extension":"jpg","width":384,"height":549,"filesize":87280,"sizes":{"medium":{"width":210,"height":300,"mime-type":"image\/jpeg","filesize":29949,"url":"https:\/\/www.kapitol-gryfice.pl\/wp-content\/uploads\/2025\/09\/dzieci-z-ul-srebrnej-210x300.jpg"},"thumbnail":{"width":150,"height":150,"mime-type":"image\/jpeg","filesize":14771,"url":"https:\/\/www.kapitol-gryfice.pl\/wp-content\/uploads\/2025\/09\/dzieci-z-ul-srebrnej-150x150.jpg"},"post-thumbnail":{"width":384,"height":500,"mime-type":"image\/jpeg","filesize":79432,"url":"https:\/\/www.kapitol-gryfice.pl\/wp-content\/uploads\/2025\/09\/dzieci-z-ul-srebrnej-384x500.jpg"},"cmsmasters-small-thumb":{"width":70,"height":70,"mime-type":"image\/jpeg","filesize":6514,"url":"https:\/\/www.kapitol-gryfice.pl\/wp-content\/uploads\/2025\/09\/dzieci-z-ul-srebrnej-70x70.jpg"},"cmsmasters-square-thumb":{"width":300,"height":300,"mime-type":"image\/jpeg","filesize":40756,"url":"https:\/\/www.kapitol-gryfice.pl\/wp-content\/uploads\/2025\/09\/dzieci-z-ul-srebrnej-300x300.jpg"},"cmsmasters-blog-masonry-thumb":{"width":360,"height":360,"mime-type":"image\/jpeg","filesize":52741,"url":"https:\/\/www.kapitol-gryfice.pl\/wp-content\/uploads\/2025\/09\/dzieci-z-ul-srebrnej-360x360.jpg"},"cmsmasters-project-grid-thumb":{"width":384,"height":340,"mime-type":"image\/jpeg","filesize":59560,"url":"https:\/\/www.kapitol-gryfice.pl\/wp-content\/uploads\/2025\/09\/dzieci-z-ul-srebrnej-384x340.jpg"}}},"all_day":false,"start_date":"2025-09-11 17:15:00","start_date_details":{"year":"2025","month":"09","day":"11","hour":"17","minutes":"15","seconds":"00"},"end_date":"2025-09-11 18:45:00","end_date_details":{"year":"2025","month":"09","day":"11","hour":"18","minutes":"45","seconds":"00"},"utc_start_date":"2025-09-11 15:15:00","utc_start_date_details":{"year":"2025","month":"09","day":"11","hour":"15","minutes":"15","seconds":"00"},"utc_end_date":"2025-09-11 16:45:00","utc_end_date_details":{"year":"2025","month":"09","day":"11","hour":"16","minutes":"45","seconds":"00"},"timezone":"Europe\/Warsaw","timezone_abbr":"CEST","cost":"","cost_details":{"currency_symbol":"z\u0142","currency_code":"PLN","currency_position":"prefix","values":[]},"website":"","show_map":false,"show_map_link":false,"hide_from_listings":false,"sticky":false,"featured":false,"categories":[{"name":"Familijny","slug":"familijny","term_group":0,"term_taxonomy_id":59,"taxonomy":"tribe_events_cat","description":"","parent":0,"count":805,"filter":"raw","id":59,"urls":{"self":"https:\/\/www.kapitol-gryfice.pl\/en\/wp-json\/tribe\/events\/v1\/categories\/59","collection":"https:\/\/www.kapitol-gryfice.pl\/en\/wp-json\/tribe\/events\/v1\/categories"}}],"tags":[],"venue":[],"organizer":[],"json_ld":{"@context":"http:\/\/schema.org","@type":"Event","name":"Dzieci z ulicy Srebrnej","description":"&lt;p&gt;Czworo dzieci, kt\u00f3re od roku mieszka samodzielnie w domu po tajemniczym znikni\u0119ciu ich matki, zatrudnia nietypow\u0105 gospodyni\u0119, aby unikn\u0105\u0107 rozdzielenia i umieszczenia w sieroci\u0144cu.&lt;\/p&gt;\\n","image":"https:\/\/www.kapitol-gryfice.pl\/wp-content\/uploads\/2025\/09\/dzieci-z-ul-srebrnej.jpg","url":"https:\/\/www.kapitol-gryfice.pl\/en\/film\/dzieci-z-ulicy-srebrnej-10\/","eventAttendanceMode":"https:\/\/schema.org\/OfflineEventAttendanceMode","eventStatus":"https:\/\/schema.org\/EventScheduled","startDate":"2025-09-11T17:15:00+02:00","endDate":"2025-09-11T18:45:00+02:00","performer":"Organization"},"is_virtual":false,"virtual_url":null,"virtual_video_source":""}