{"id":17760,"global_id":"www.kapitol-gryfice.pl\/en\/?id=17760","global_id_lineage":["www.kapitol-gryfice.pl\/en\/?id=17760"],"author":"1","status":"publish","date":"2025-05-12 11:35:21","date_utc":"2025-05-12 09:35:21","modified":"2025-05-12 11:35:21","modified_utc":"2025-05-12 09:35:21","url":"https:\/\/www.kapitol-gryfice.pl\/en\/film\/legenda-ochi-7\/","rest_url":"https:\/\/www.kapitol-gryfice.pl\/en\/wp-json\/tribe\/events\/v1\/events\/17760","title":"Legenda Ochi","description":"<div id=\"cmsmasters_row_\" class=\"cmsmasters_row cmsmasters_color_scheme_default cmsmasters_row_top_default cmsmasters_row_bot_default cmsmasters_row_boxed\">\n<div class=\"cmsmasters_row_outer_parent\">\n<div class=\"cmsmasters_row_outer\">\n<div class=\"cmsmasters_row_inner\">\n<div class=\"cmsmasters_row_margin\">\n<div id=\"cmsmasters_column_\" class=\"cmsmasters_column one_first\">\n<div class=\"cmsmasters_column_inner\"><div class=\"cmsmasters_text\">\n<h3>Opis filmu<\/h3>\n<div class=\"summary\">\n<p>\u201eLegenda Ochi\u201d to wyj\u0105tkowa ba\u015bniowa przygoda z fantastyczn\u0105 obsad\u0105 prosto od studia A24 specjalizuj\u0105cego si\u0119 w niezwyk\u0142ych i przewrotnych produkcjach, takich jak: \u201eDream scenario\u201d z Nicolasem Cage\u2019em, uhonorowany dwoma Oscarami \u201eWieloryb\u201d i obsypane nagrodami \u201eWszystko wsz\u0119dzie naraz\u201d. W rolach g\u0142\u00f3wnych mi\u0119dzy innymi: czterokrotnie nominowany do wyr\u00f3\u017cnie\u0144 Ameryka\u0144skiej Akademii Filmowej Willem Dafoe (\u201eBeetlejuice Beetlejuice\u201d), Emily Watson (\u201eDiuna: Proroctwo\u201d) oraz gwiazda \u201eStranger Things\u201d i nowej ods\u0142ony \u201ePogromc\u00f3w duch\u00f3w\u201d \u2013 Finn Wolfhard.<strong>\u00a0<\/strong><\/p>\n<p><strong>Ten przywodz\u0105cy na my\u015bl klasyk\u0119 przygodowych produkcji fantasy jak \u201eE.T.\u201d czy \u201eNieko\u0144cz\u0105ca si\u0119 opowie\u015b\u0107\u201d film, zosta\u0142 napisany i wyre\u017cyserowany przez Isaiaha Saxona. Pracowa\u0142 on przy stworzeniu wielu niesamowitych teledysk\u00f3w, w tym ba\u015bniowego klipu do piosenki \u201eWanderlust\u201d popularnej islandzkiej wokalistki Bj\u00f6rk.<\/strong> W odleg\u0142ej wiosce na wyspie Karpatia mieszka m\u0142oda, skryta dziewczyna o imieniu Yuri. W jej okolicy panuje przekonanie, \u017ce w le\u017c\u0105cych nieopodal lasach kryj\u0105 si\u0119 niebezpieczne mityczne stworzenia znane jako Ochi. W obawie przed nimi, mieszka\u0144c\u00f3w przestrzega si\u0119 przed wychodzeniem z domu po zmroku. Kiedy jednak pewnego dnia dziewczyna znajduje oderwane od swojej rodziny i zagubione ma\u0142e Ochi, bez zastanowienia postanawia mu pom\u00f3c. Mi\u0119dzy t\u0105 dw\u00f3jk\u0105 nawi\u0105zuje si\u0119 nieprawdopodobna wi\u0119\u017a i wsp\u00f3lnie wyruszaj\u0105 w pe\u0142n\u0105 przyg\u00f3d i niebezpiecze\u0144stw podr\u00f3\u017c do serca lasu, aby sprowadzi\u0107 ma\u0142\u0105 istot\u0119 do jej prawdziwego domu.<\/p>\n<\/div>\n<p>&nbsp;<\/p>\n<\/div>\n<\/div><\/div>\n<\/div>\n<\/div>\n<\/div>\n<\/div>\n<\/div>\n<div id=\"cmsmasters_row_xnkpwke0rq\" class=\"cmsmasters_row cmsmasters_color_scheme_default cmsmasters_row_top_default cmsmasters_row_bot_default cmsmasters_row_boxed\">\n<div class=\"cmsmasters_row_outer_parent\">\n<div class=\"cmsmasters_row_outer\">\n<div class=\"cmsmasters_row_inner\">\n<div class=\"cmsmasters_row_margin\">\n<div id=\"cmsmasters_column_a8olfl2p75\" class=\"cmsmasters_column one_half\">\n<div class=\"cmsmasters_column_inner\"><div class=\"cmsmasters_text\">\n<h3>Re\u017cyseria:<\/h3>\n<p>Isaiah Saxon<\/p>\n<h3>Obsada:<\/h3>\n<p>Helena Zengel, Willem Dafoe, Emily Watson, Finn Wolfhard<\/p>\n<p>&nbsp;<\/p>\n<\/div>\n<\/div><\/div>\n<div id=\"cmsmasters_column_kca7kfnwbk\" class=\"cmsmasters_column one_half\">\n<div class=\"cmsmasters_column_inner\"><div class=\"cmsmasters_text\">\n<h3>Czas:<\/h3>\n<p>1h 36 min<\/p>\n<h3>Gatunek:<\/h3>\n<p>familijny<\/p>\n<\/div>\n<\/div><\/div>\n<\/div>\n<\/div>\n<\/div>\n<\/div>\n<\/div>\n<div id=\"cmsmasters_row_2xu4d79zjm\" class=\"cmsmasters_row cmsmasters_color_scheme_default cmsmasters_row_top_default cmsmasters_row_bot_default cmsmasters_row_boxed\">\n<div class=\"cmsmasters_row_outer_parent\">\n<div class=\"cmsmasters_row_outer\">\n<div class=\"cmsmasters_row_inner\">\n<div class=\"cmsmasters_row_margin\">\n<div id=\"cmsmasters_column_w1osv0lht\" class=\"cmsmasters_column one_first\">\n<div class=\"cmsmasters_column_inner\"><div class=\"cmsmasters_embed_wrap\">\n<iframe loading=\"lazy\" title=\"LEGENDA OCHI | Oficjalny zwiastun | Kino \u015awiat\" width=\"1160\" height=\"653\" src=\"https:\/\/www.youtube.com\/embed\/I35ni1tUuyM?feature=oembed\" frameborder=\"0\" allow=\"accelerometer; autoplay; clipboard-write; encrypted-media; gyroscope; picture-in-picture; web-share\" referrerpolicy=\"strict-origin-when-cross-origin\" allowfullscreen><\/iframe><\/div>\n<\/div><\/div>\n<\/div>\n<\/div>\n<\/div>\n<\/div>\n<\/div>","excerpt":"<p>M\u0142oda dziewczynka zosta\u0142a wychowana tak, aby nigdy nie opuszcza\u0107 rodzinnej wioski, gdy\u017c poza ni\u0105 grasuj\u0105 gro\u017ane potwory, zwane ochi. Gdy znajduje jedn\u0105 z tych istot, wyrusza w drog\u0119, by pom\u00f3c jej wr\u00f3ci\u0107 do reszty stada.<\/p>","slug":"legenda-ochi-7","image":{"url":"https:\/\/www.kapitol-gryfice.pl\/wp-content\/uploads\/2025\/04\/ochi.jpg","id":17701,"extension":"jpg","width":384,"height":549,"filesize":97368,"sizes":{"medium":{"width":210,"height":300,"mime-type":"image\/jpeg","filesize":31873,"url":"https:\/\/www.kapitol-gryfice.pl\/wp-content\/uploads\/2025\/04\/ochi-210x300.jpg"},"thumbnail":{"width":150,"height":150,"mime-type":"image\/jpeg","filesize":14160,"url":"https:\/\/www.kapitol-gryfice.pl\/wp-content\/uploads\/2025\/04\/ochi-150x150.jpg"},"post-thumbnail":{"width":384,"height":500,"mime-type":"image\/jpeg","filesize":85776,"url":"https:\/\/www.kapitol-gryfice.pl\/wp-content\/uploads\/2025\/04\/ochi-384x500.jpg"},"cmsmasters-small-thumb":{"width":70,"height":70,"mime-type":"image\/jpeg","filesize":6210,"url":"https:\/\/www.kapitol-gryfice.pl\/wp-content\/uploads\/2025\/04\/ochi-70x70.jpg"},"cmsmasters-square-thumb":{"width":300,"height":300,"mime-type":"image\/jpeg","filesize":40551,"url":"https:\/\/www.kapitol-gryfice.pl\/wp-content\/uploads\/2025\/04\/ochi-300x300.jpg"},"cmsmasters-blog-masonry-thumb":{"width":360,"height":360,"mime-type":"image\/jpeg","filesize":53101,"url":"https:\/\/www.kapitol-gryfice.pl\/wp-content\/uploads\/2025\/04\/ochi-360x360.jpg"},"cmsmasters-project-grid-thumb":{"width":384,"height":340,"mime-type":"image\/jpeg","filesize":60685,"url":"https:\/\/www.kapitol-gryfice.pl\/wp-content\/uploads\/2025\/04\/ochi-384x340.jpg"}}},"all_day":false,"start_date":"2025-05-17 12:00:00","start_date_details":{"year":"2025","month":"05","day":"17","hour":"12","minutes":"00","seconds":"00"},"end_date":"2025-05-17 13:30:00","end_date_details":{"year":"2025","month":"05","day":"17","hour":"13","minutes":"30","seconds":"00"},"utc_start_date":"2025-05-17 10:00:00","utc_start_date_details":{"year":"2025","month":"05","day":"17","hour":"10","minutes":"00","seconds":"00"},"utc_end_date":"2025-05-17 11:30:00","utc_end_date_details":{"year":"2025","month":"05","day":"17","hour":"11","minutes":"30","seconds":"00"},"timezone":"Europe\/Warsaw","timezone_abbr":"CEST","cost":"","cost_details":{"currency_symbol":"z\u0142","currency_code":"PLN","currency_position":"prefix","values":[]},"website":"","show_map":false,"show_map_link":false,"hide_from_listings":false,"sticky":false,"featured":false,"categories":[{"name":"Familijny","slug":"familijny","term_group":0,"term_taxonomy_id":59,"taxonomy":"tribe_events_cat","description":"","parent":0,"count":805,"filter":"raw","id":59,"urls":{"self":"https:\/\/www.kapitol-gryfice.pl\/en\/wp-json\/tribe\/events\/v1\/categories\/59","collection":"https:\/\/www.kapitol-gryfice.pl\/en\/wp-json\/tribe\/events\/v1\/categories"}}],"tags":[],"venue":[],"organizer":[],"json_ld":{"@context":"http:\/\/schema.org","@type":"Event","name":"Legenda Ochi","description":"&lt;p&gt;M\u0142oda dziewczynka zosta\u0142a wychowana tak, aby nigdy nie opuszcza\u0107 rodzinnej wioski, gdy\u017c poza ni\u0105 grasuj\u0105 gro\u017ane potwory, zwane ochi. Gdy znajduje jedn\u0105 z tych istot, wyrusza w drog\u0119, by pom\u00f3c jej wr\u00f3ci\u0107 do reszty stada.&lt;\/p&gt;\\n","image":"https:\/\/www.kapitol-gryfice.pl\/wp-content\/uploads\/2025\/04\/ochi.jpg","url":"https:\/\/www.kapitol-gryfice.pl\/en\/film\/legenda-ochi-7\/","eventAttendanceMode":"https:\/\/schema.org\/OfflineEventAttendanceMode","eventStatus":"https:\/\/schema.org\/EventScheduled","startDate":"2025-05-17T12:00:00+02:00","endDate":"2025-05-17T13:30:00+02:00","performer":"Organization"},"is_virtual":false,"virtual_url":null,"virtual_video_source":""}